{"id":190462,"date":"2025-12-16T10:31:19","date_gmt":"2025-12-16T10:31:19","guid":{"rendered":"https:\/\/www.europesays.com\/pt\/190462\/"},"modified":"2025-12-16T10:31:19","modified_gmt":"2025-12-16T10:31:19","slug":"ines-morais-tece-duras-criticas-a-liliana-chamar-toxico-a-alguem-quando-ela-entra-como-entrou-secret-story","status":"publish","type":"post","link":"https:\/\/www.europesays.com\/pt\/190462\/","title":{"rendered":"In\u00eas Morais tece duras cr\u00edticas a Liliana: \u00abChamar t\u00f3xico a algu\u00e9m quando ela entra como entrou&#8230;\u00bb &#8211; Secret Story"},"content":{"rendered":"<p>No Extra do Secret Story 9, Francisco Monteiro enerva-se ao ver imagens de Liliana a criticar o casal Marisa e Pedro. O comentador vai mais longe e acusa a concorrente e F\u00e1bio de hipocrisia. Ant\u00f3nio Leal e Silva e In\u00eas Morais sublinharam a opini\u00e3o. Veja tudo.<\/p>\n<p><strong>J\u00e1 pode votar para salvar o seu concorrente favorito. Vote atrav\u00e9s da App TVI Reality ou das linhas telef\u00f3nicas.<\/strong><\/p>\n<p>VOTA\u00c7\u00c3O PARA SALVAR:<\/p>\n<p>F\u00c1BIO \u2013 761 20 20 08<\/p>\n<p>IN\u00caS \u2013 761 20 20 10<\/p>\n<p>PEDRO \u2013 761 20 20 18<\/p>\n<p><a href=\"https:\/\/tvi.iol.pt\/secretstory\/aominuto\" rel=\"nofollow noopener\" target=\"_blank\">Acompanhe ao minuto, tudo o que se passa dentro da casa mais vigiada do Pa\u00eds.<\/a><\/p>\n","protected":false},"excerpt":{"rendered":"No Extra do Secret Story 9, Francisco Monteiro enerva-se ao ver imagens de Liliana a criticar o casal&hellip;\n","protected":false},"author":2,"featured_media":190463,"comment_status":"","ping_status":"","sticky":false,"template":"","format":"standard","meta":{"footnotes":""},"categories":[142],"tags":[114,115,19033,6520,19016,19034,32,33,151,19032],"class_list":{"0":"post-190462","1":"post","2":"type-post","3":"status-publish","4":"format-standard","5":"has-post-thumbnail","7":"category-tv","8":"tag-entertainment","9":"tag-entretenimento","10":"tag-galas-em-video","11":"tag-ines-morais","12":"tag-liliana","13":"tag-melhores-momentos-casa-dos-segredos","14":"tag-portugal","15":"tag-pt","16":"tag-tv","17":"tag-videos-secret-story-tvi"},"share_on_mastodon":{"url":"https:\/\/pubeurope.com\/@pt\/115728789578923840","error":""},"_links":{"self":[{"href":"https:\/\/www.europesays.com\/pt\/wp-json\/wp\/v2\/posts\/190462","targetHints":{"allow":["GET"]}}],"collection":[{"href":"https:\/\/www.europesays.com\/pt\/wp-json\/wp\/v2\/posts"}],"about":[{"href":"https:\/\/www.europesays.com\/pt\/wp-json\/wp\/v2\/types\/post"}],"author":[{"embeddable":true,"href":"https:\/\/www.europesays.com\/pt\/wp-json\/wp\/v2\/users\/2"}],"replies":[{"embeddable":true,"href":"https:\/\/www.europesays.com\/pt\/wp-json\/wp\/v2\/comments?post=190462"}],"version-history":[{"count":0,"href":"https:\/\/www.europesays.com\/pt\/wp-json\/wp\/v2\/posts\/190462\/revisions"}],"wp:featuredmedia":[{"embeddable":true,"href":"https:\/\/www.europesays.com\/pt\/wp-json\/wp\/v2\/media\/190463"}],"wp:attachment":[{"href":"https:\/\/www.europesays.com\/pt\/wp-json\/wp\/v2\/media?parent=190462"}],"wp:term":[{"taxonomy":"category","embeddable":true,"href":"https:\/\/www.europesays.com\/pt\/wp-json\/wp\/v2\/categories?post=190462"},{"taxonomy":"post_tag","embeddable":true,"href":"https:\/\/www.europesays.com\/pt\/wp-json\/wp\/v2\/tags?post=190462"}],"curies":[{"name":"wp","href":"https:\/\/api.w.org\/{rel}","templated":true}]}}