{"id":190492,"date":"2025-12-16T10:59:07","date_gmt":"2025-12-16T10:59:07","guid":{"rendered":"https:\/\/www.europesays.com\/pt\/190492\/"},"modified":"2025-12-16T10:59:07","modified_gmt":"2025-12-16T10:59:07","slug":"emigrantes-portugueses-em-risco-de-pobreza-persistente-no-luxemburgo","status":"publish","type":"post","link":"https:\/\/www.europesays.com\/pt\/190492\/","title":{"rendered":"Emigrantes portugueses em risco de pobreza persistente no Luxemburgo"},"content":{"rendered":"<p data-remotead-prev-elm=\"true\" data-remotead-elm-id=\"inread\">Os cidad\u00e3os portugueses s\u00e3o um dos grupos socioecon\u00f3micos mais expostos \u00e0 pobreza no Luxemburgo, com uma taxa de risco de 41,4%. Seguem-se os imigrantes n\u00e3o europeus, com 29%, os belgas (15%), os luxemburgueses (13,8%), os cidad\u00e3os de outros pa\u00edses da UE (13,7%) e os franceses (12,7%). Os dados s\u00e3o do Relat\u00f3rio de Trabalho e Coes\u00e3o Social 2025, do Instituto de Estat\u00edsticas do Luxemburgo, que posiciona os portugueses acima das fam\u00edlias monoparentais (31,8%), das pessoas com baixo n\u00edvel de escolaridade (31,8%), dos imigrantes n\u00e3o europeus (29%) e dos desempregados (25%), no que diz respeito ao risco de pobreza.<\/p>\n<p>Acesso exclusivo a assinantes<\/p>\n<p>Acesso ilimitado a conte\u00fados exclusivos<\/p>\n<p>Navega\u00e7\u00e3o sem publicidade intrusiva<\/p>\n<p>Vers\u00e3o digital do jornal, suplementos e revistas<\/p>\n","protected":false},"excerpt":{"rendered":"Os cidad\u00e3os portugueses s\u00e3o um dos grupos socioecon\u00f3micos mais expostos \u00e0 pobreza no Luxemburgo, com uma taxa de&hellip;\n","protected":false},"author":2,"featured_media":190493,"comment_status":"","ping_status":"","sticky":false,"template":"","format":"standard","meta":{"footnotes":""},"categories":[50],"tags":[27,28,11206,15,16,14,33280,25,26,6984,21,22,62,12,13,19,20,38346,23,24,17,18,29,30,31,63,64,65],"class_list":{"0":"post-190492","1":"post","2":"type-post","3":"status-publish","4":"format-standard","5":"has-post-thumbnail","7":"category-mundo","8":"tag-breaking-news","9":"tag-breakingnews","10":"tag-emigrantes","11":"tag-featured-news","12":"tag-featurednews","13":"tag-headlines","14":"tag-jn-comunidades","15":"tag-latest-news","16":"tag-latestnews","17":"tag-luxemburgo","18":"tag-main-news","19":"tag-mainnews","20":"tag-mundo","21":"tag-news","22":"tag-noticias","23":"tag-noticias-principais","24":"tag-noticiasprincipais","25":"tag-portugueses-la-fora","26":"tag-principais-noticias","27":"tag-principaisnoticias","28":"tag-top-stories","29":"tag-topstories","30":"tag-ultimas","31":"tag-ultimas-noticias","32":"tag-ultimasnoticias","33":"tag-world","34":"tag-world-news","35":"tag-worldnews"},"share_on_mastodon":{"url":"https:\/\/pubeurope.com\/@pt\/115728899454847050","error":""},"_links":{"self":[{"href":"https:\/\/www.europesays.com\/pt\/wp-json\/wp\/v2\/posts\/190492","targetHints":{"allow":["GET"]}}],"collection":[{"href":"https:\/\/www.europesays.com\/pt\/wp-json\/wp\/v2\/posts"}],"about":[{"href":"https:\/\/www.europesays.com\/pt\/wp-json\/wp\/v2\/types\/post"}],"author":[{"embeddable":true,"href":"https:\/\/www.europesays.com\/pt\/wp-json\/wp\/v2\/users\/2"}],"replies":[{"embeddable":true,"href":"https:\/\/www.europesays.com\/pt\/wp-json\/wp\/v2\/comments?post=190492"}],"version-history":[{"count":0,"href":"https:\/\/www.europesays.com\/pt\/wp-json\/wp\/v2\/posts\/190492\/revisions"}],"wp:featuredmedia":[{"embeddable":true,"href":"https:\/\/www.europesays.com\/pt\/wp-json\/wp\/v2\/media\/190493"}],"wp:attachment":[{"href":"https:\/\/www.europesays.com\/pt\/wp-json\/wp\/v2\/media?parent=190492"}],"wp:term":[{"taxonomy":"category","embeddable":true,"href":"https:\/\/www.europesays.com\/pt\/wp-json\/wp\/v2\/categories?post=190492"},{"taxonomy":"post_tag","embeddable":true,"href":"https:\/\/www.europesays.com\/pt\/wp-json\/wp\/v2\/tags?post=190492"}],"curies":[{"name":"wp","href":"https:\/\/api.w.org\/{rel}","templated":true}]}}