{"id":190516,"date":"2025-12-16T11:23:35","date_gmt":"2025-12-16T11:23:35","guid":{"rendered":"https:\/\/www.europesays.com\/pt\/190516\/"},"modified":"2025-12-16T11:23:35","modified_gmt":"2025-12-16T11:23:35","slug":"kiev-rejeita-ceder-donbass-mesmo-com-garantias-pos-guerra","status":"publish","type":"post","link":"https:\/\/www.europesays.com\/pt\/190516\/","title":{"rendered":"Kiev rejeita ceder Donbass mesmo com garantias p\u00f3s-guerra"},"content":{"rendered":"<p data-remotead-prev-elm=\"true\" data-remotead-elm-id=\"inread\">&#8220;Temos agora a oportunidade de um verdadeiro processo de paz&#8221;, afirmou esta segunda-feira o chanceler alem\u00e3o, Friedrich Merz. As conversa\u00e7\u00f5es na capital germ\u00e2nica inclu\u00edram o presidente ucraniano, Volodymyr Zelensky, o enviado especial norte-americano, Steve Witkoff, e o genro e ex-conselheiro de Donald Trump, Jared Kushner, al\u00e9m de aliados europeus.<\/p>\n<p>Os representantes dos EUA demonstraram otimismo com a proposta de garantias similares ao Artigo 5.\u00b0 da NATO, relativo \u00e0 defesa coletiva. &#8220;A base deste acordo \u00e9 basicamente ter garantias muito, muito fortes e tamb\u00e9m uma dissuas\u00e3o muito, muito forte&#8221;, revelou um respons\u00e1vel norte-americano, sob anonimato, \u00e0 France-Presse (AFP).<\/p>\n<p>Esperan\u00e7a com Moscovo<\/p>\n<p>Uma segunda fonte dos Estados Unidos, citada pela AFP, disse acreditar que a R\u00fassia aceitar\u00e1 os termos. &#8220;Espero que os russos analisem a situa\u00e7\u00e3o e digam a si mesmos: &#8220;Tudo bem, porque n\u00e3o temos a inten\u00e7\u00e3o de violar [o acordo] &#8211; vamos acreditar na palavra deles&#8221;&#8221;, declarou.<\/p>\n<p data-remotead-prev-elm=\"true\" data-remotead-elm-id=\"centro1\">&#8220;Estamos a progredir nesse aspeto [das garantias]. Vi os detalhes que os militares est\u00e3o a elaborar e parecem muito bons, mesmo sendo apenas o primeiro esbo\u00e7o&#8221;, considerou Zelensky.<\/p>\n<p>A ced\u00eancia de territ\u00f3rios, principalmente o Donbass, onde os ucranianos controlam cerca de 15%, \u00e9, todavia, um tema delicado. &#8220;Houve di\u00e1logo suficiente sobre o assunto e, francamente, penso que ainda temos posi\u00e7\u00f5es diferentes, mas acredito que os meus colegas ouviram a minha posi\u00e7\u00e3o&#8221;, acrescentou.<\/p>\n","protected":false},"excerpt":{"rendered":"&#8220;Temos agora a oportunidade de um verdadeiro processo de paz&#8221;, afirmou esta segunda-feira o chanceler alem\u00e3o, Friedrich Merz.&hellip;\n","protected":false},"author":2,"featured_media":190517,"comment_status":"","ping_status":"","sticky":false,"template":"","format":"standard","meta":{"footnotes":""},"categories":[8],"tags":[1305,9407,27,28,413,15,16,889,14,25,26,21,22,62,12,13,19,20,32,23,24,33,839,17,18,840,29,30,31],"class_list":{"0":"post-190516","1":"post","2":"type-post","3":"status-publish","4":"format-standard","5":"has-post-thumbnail","7":"category-principais-noticias","8":"tag-alemanha","9":"tag-berlim","10":"tag-breaking-news","11":"tag-breakingnews","12":"tag-eua","13":"tag-featured-news","14":"tag-featurednews","15":"tag-guerra-na-ucrania","16":"tag-headlines","17":"tag-latest-news","18":"tag-latestnews","19":"tag-main-news","20":"tag-mainnews","21":"tag-mundo","22":"tag-news","23":"tag-noticias","24":"tag-noticias-principais","25":"tag-noticiasprincipais","26":"tag-portugal","27":"tag-principais-noticias","28":"tag-principaisnoticias","29":"tag-pt","30":"tag-russia","31":"tag-top-stories","32":"tag-topstories","33":"tag-ucrania","34":"tag-ultimas","35":"tag-ultimas-noticias","36":"tag-ultimasnoticias"},"share_on_mastodon":{"url":"https:\/\/pubeurope.com\/@pt\/115728993714700818","error":""},"_links":{"self":[{"href":"https:\/\/www.europesays.com\/pt\/wp-json\/wp\/v2\/posts\/190516","targetHints":{"allow":["GET"]}}],"collection":[{"href":"https:\/\/www.europesays.com\/pt\/wp-json\/wp\/v2\/posts"}],"about":[{"href":"https:\/\/www.europesays.com\/pt\/wp-json\/wp\/v2\/types\/post"}],"author":[{"embeddable":true,"href":"https:\/\/www.europesays.com\/pt\/wp-json\/wp\/v2\/users\/2"}],"replies":[{"embeddable":true,"href":"https:\/\/www.europesays.com\/pt\/wp-json\/wp\/v2\/comments?post=190516"}],"version-history":[{"count":0,"href":"https:\/\/www.europesays.com\/pt\/wp-json\/wp\/v2\/posts\/190516\/revisions"}],"wp:featuredmedia":[{"embeddable":true,"href":"https:\/\/www.europesays.com\/pt\/wp-json\/wp\/v2\/media\/190517"}],"wp:attachment":[{"href":"https:\/\/www.europesays.com\/pt\/wp-json\/wp\/v2\/media?parent=190516"}],"wp:term":[{"taxonomy":"category","embeddable":true,"href":"https:\/\/www.europesays.com\/pt\/wp-json\/wp\/v2\/categories?post=190516"},{"taxonomy":"post_tag","embeddable":true,"href":"https:\/\/www.europesays.com\/pt\/wp-json\/wp\/v2\/tags?post=190516"}],"curies":[{"name":"wp","href":"https:\/\/api.w.org\/{rel}","templated":true}]}}