{"id":190518,"date":"2025-12-16T11:25:19","date_gmt":"2025-12-16T11:25:19","guid":{"rendered":"https:\/\/www.europesays.com\/pt\/190518\/"},"modified":"2025-12-16T11:25:19","modified_gmt":"2025-12-16T11:25:19","slug":"heidi-klum-divide-os-holofotes-com-o-filho-henry-na-primeira-producao-conjunta","status":"publish","type":"post","link":"https:\/\/www.europesays.com\/pt\/190518\/","title":{"rendered":"Heidi Klum divide os holofotes com o filho Henry na primeira produ\u00e7\u00e3o conjunta"},"content":{"rendered":"<p data-remotead-prev-elm=\"true\" data-remotead-elm-id=\"inread\">Depois de d\u00e9cadas no centro das aten\u00e7\u00f5es, Heidi Klum partilha agora o protagonismo. Aos 52 anos, a supermodelo alem\u00e3 surge numa produ\u00e7\u00e3o fotogr\u00e1fica ao lado do filho Henry Samuel, de 20 anos, naquela que \u00e9 a primeira vez que ambos trabalham juntos numa sess\u00e3o editorial para a revista &#8220;Elle Alemanha&#8221;, assinalando um novo cap\u00edtulo na carreira do jovem no universo da moda.<\/p>\n<p>A sess\u00e3o foi captada pelo fot\u00f3grafo brit\u00e2nico Rankin, colaborador de longa data de Klum, com quem trabalha h\u00e1 mais de duas d\u00e9cadas, ainda antes do nascimento de Henry. Essa rela\u00e7\u00e3o profissional prolonga-se agora \u00e0 nova gera\u00e7\u00e3o, num registo marcado pela proximidade familiar e por uma est\u00e9tica cuidada.<\/p>\n<p>Nas imagens, Heidi Klum aparece com uma carteira de franjas da marca alem\u00e3 Aigner, da qual \u00e9 atualmente o rosto, usando um vestido de penas da Akris e uma pulseira de diamantes da Bucherer. Henry exibe um visual cl\u00e1ssico.<\/p>\n<p>Um percurso que come\u00e7a a ganhar forma<\/p>\n<p data-remotead-prev-elm=\"true\" data-remotead-elm-id=\"centro1\">Henry Samuel \u00e9 o segundo filho de Heidi Klum, nascido do casamento com o m\u00fasico Seal, com quem a modelo esteve casada entre 2005 e 2014. O casal tem ainda Johan, de 19 anos, e Lou, de 16. A filha mais velha, Leni, de 21 anos, nasceu da rela\u00e7\u00e3o anterior de Klum com Flavio Briatore e foi posteriormente adotada por Seal.<\/p>\n<p>O jovem modelo atravessa um per\u00edodo de r\u00e1pida afirma\u00e7\u00e3o. Em janeiro, estreou-se na passarela ao abrir o desfile de alta-costura de Lena Erziak, durante a Semana da Moda de Paris, num fato preto de costas abertas. Dois meses depois, conquistou a sua primeira capa a solo para a revista &#8220;Hunger&#8221;, tamb\u00e9m fotografada por Rankin. Mais recentemente, assinou contrato com a ag\u00eancia NEXT Management, com o objetivo de desenvolver a carreira na moda e no entretenimento.<\/p>\n<p>Henry n\u00e3o \u00e9, no entanto, o \u00fanico filho de Heidi Klum a seguir-lhe os passos. Leni Klum tem vindo a construir um percurso pr\u00f3prio no mundo da moda, depois de se estrear, ainda adolescente, com presen\u00e7as em passarelas internacionais e campanhas de grande visibilidade, algumas delas ao lado da pr\u00f3pria m\u00e3e.<\/p>\n<p data-remotead-prev-elm=\"true\" data-remotead-elm-id=\"centro2\">A produ\u00e7\u00e3o para a &#8220;Elle Alemanha&#8221; foi acompanhada de uma entrevista em que m\u00e3e e filho falaram sobre aprendizagem, disciplina e confian\u00e7a. Henry revelou que um dos conselhos mais repetidos em casa foi simples, mas constante. &#8220;Prestar aten\u00e7\u00e3o \u00e0 minha postura&#8221;, contou, explicando que passava muitas horas curvado em frente ao computador a jogar videojogos. &#8220;Mas a minha m\u00e3e tamb\u00e9m me transmitiu muito em rela\u00e7\u00e3o \u00e0 autoconfian\u00e7a&#8221;, notou.<\/p>\n<p>Heidi Klum aproveitou para refletir sobre a transforma\u00e7\u00e3o da ind\u00fastria da moda ao longo das \u00faltimas d\u00e9cadas. &#8220;At\u00e9 mulheres na sua melhor idade, como eu, ainda podem estar nas capas de revistas como a Elle&#8221;, afirmou, acrescentando: &#8220;Isso n\u00e3o era realmente poss\u00edvel antes. O mesmo acontece com modelos curvil\u00edneas ou de tamanhos maiores. Nesse sentido, muita coisa mudou para melhor.&#8221;<\/p>\n<p>Nas redes sociais, a estreia de Henry Samuel numa produ\u00e7\u00e3o de grande visibilidade voltou a alimentar o debate em torno dos filhos de figuras p\u00fablicas que seguem carreiras semelhantes \u00e0s dos pais. Ainda assim, o jovem continua a somar experi\u00eancias pr\u00f3prias, num percurso que procura equilibrar o peso do apelido com a afirma\u00e7\u00e3o individual.<\/p>\n<p>Para Heidi Klum, a estreia conjunta \u00e9 tamb\u00e9m um gesto de orgulho assumido. &#8220;Quem \u00e9 este homem bonito ao meu lado?&#8221;, escreveu, ao apresentar o filho como &#8220;inteligente, engra\u00e7ado, gentil e carinhoso&#8221;, declarando o amor incondicional: &#8220;Estou t\u00e3o orgulhosa de ti. Amo-te.&#8221;<\/p>\n","protected":false},"excerpt":{"rendered":"Depois de d\u00e9cadas no centro das aten\u00e7\u00f5es, Heidi Klum partilha agora o protagonismo. Aos 52 anos, a supermodelo&hellip;\n","protected":false},"author":2,"featured_media":190519,"comment_status":"","ping_status":"","sticky":false,"template":"","format":"standard","meta":{"footnotes":""},"categories":[145],"tags":[211,210,114,115,1870,30441,25196,1079,32,33],"class_list":{"0":"post-190518","1":"post","2":"type-post","3":"status-publish","4":"format-standard","5":"has-post-thumbnail","7":"category-celebridades","8":"tag-celebridades","9":"tag-celebrities","10":"tag-entertainment","11":"tag-entretenimento","12":"tag-filhos","13":"tag-heidi-klum","14":"tag-legado","15":"tag-moda","16":"tag-portugal","17":"tag-pt"},"share_on_mastodon":{"url":"https:\/\/pubeurope.com\/@pt\/115729001561906794","error":""},"_links":{"self":[{"href":"https:\/\/www.europesays.com\/pt\/wp-json\/wp\/v2\/posts\/190518","targetHints":{"allow":["GET"]}}],"collection":[{"href":"https:\/\/www.europesays.com\/pt\/wp-json\/wp\/v2\/posts"}],"about":[{"href":"https:\/\/www.europesays.com\/pt\/wp-json\/wp\/v2\/types\/post"}],"author":[{"embeddable":true,"href":"https:\/\/www.europesays.com\/pt\/wp-json\/wp\/v2\/users\/2"}],"replies":[{"embeddable":true,"href":"https:\/\/www.europesays.com\/pt\/wp-json\/wp\/v2\/comments?post=190518"}],"version-history":[{"count":0,"href":"https:\/\/www.europesays.com\/pt\/wp-json\/wp\/v2\/posts\/190518\/revisions"}],"wp:featuredmedia":[{"embeddable":true,"href":"https:\/\/www.europesays.com\/pt\/wp-json\/wp\/v2\/media\/190519"}],"wp:attachment":[{"href":"https:\/\/www.europesays.com\/pt\/wp-json\/wp\/v2\/media?parent=190518"}],"wp:term":[{"taxonomy":"category","embeddable":true,"href":"https:\/\/www.europesays.com\/pt\/wp-json\/wp\/v2\/categories?post=190518"},{"taxonomy":"post_tag","embeddable":true,"href":"https:\/\/www.europesays.com\/pt\/wp-json\/wp\/v2\/tags?post=190518"}],"curies":[{"name":"wp","href":"https:\/\/api.w.org\/{rel}","templated":true}]}}