{"id":190520,"date":"2025-12-16T11:29:42","date_gmt":"2025-12-16T11:29:42","guid":{"rendered":"https:\/\/www.europesays.com\/pt\/190520\/"},"modified":"2025-12-16T11:29:42","modified_gmt":"2025-12-16T11:29:42","slug":"terra-forte-sammy-confronta-dudu-queres-ver-os-teus-pais-separados-novelas","status":"publish","type":"post","link":"https:\/\/www.europesays.com\/pt\/190520\/","title":{"rendered":"Terra Forte: Sammy confronta Dudu: \u00abQueres ver os teus pais separados?\u00bb &#8211; Novelas"},"content":{"rendered":"<p>Em \u00abTerra Forte\u00bb, Sammy (Jos\u00e9 Fidalgo) acaba por assumir a Dudu (Tom\u00e1s Taborda) que ficou em p\u00e2nico de perder Flor (Benedita Pereira) novamente quando a viu quase a morrer \u00e0 sua frente, confirmando que teve de conter-se por Maria de F\u00e1tima (Rita Pereira) estar presente. Dudu volta a insistir com o pai para lutar por Flor, dizendo ter percebido que ele somente fica feliz quando est\u00e1 ao p\u00e9 dela. Sammy tenta disfar\u00e7ar sem sucesso ao filho ser isso que sente.\u00a0<\/p>\n","protected":false},"excerpt":{"rendered":"Em \u00abTerra Forte\u00bb, Sammy (Jos\u00e9 Fidalgo) acaba por assumir a Dudu (Tom\u00e1s Taborda) que ficou em p\u00e2nico de&hellip;\n","protected":false},"author":2,"featured_media":190521,"comment_status":"","ping_status":"","sticky":false,"template":"","format":"standard","meta":{"footnotes":""},"categories":[142],"tags":[160,166,114,115,157,167,164,2931,161,158,165,159,32,33,156,18614,163,151,162],"class_list":{"0":"post-190520","1":"post","2":"type-post","3":"status-publish","4":"format-standard","5":"has-post-thumbnail","7":"category-tv","8":"tag-ana-guiomar","9":"tag-cristina-ferreira","10":"tag-entertainment","11":"tag-entretenimento","12":"tag-festa-e-festa","13":"tag-ficcao","14":"tag-jose-fidalgo","15":"tag-novela","16":"tag-novelas","17":"tag-para-sempre","18":"tag-pedro-sousa","19":"tag-pedro-teixeira","20":"tag-portugal","21":"tag-pt","22":"tag-queridos-papas","23":"tag-terra-forte","24":"tag-tiago-teotonio-pereira","25":"tag-tv","26":"tag-tvi"},"share_on_mastodon":{"url":"https:\/\/pubeurope.com\/@pt\/115729017350314989","error":""},"_links":{"self":[{"href":"https:\/\/www.europesays.com\/pt\/wp-json\/wp\/v2\/posts\/190520","targetHints":{"allow":["GET"]}}],"collection":[{"href":"https:\/\/www.europesays.com\/pt\/wp-json\/wp\/v2\/posts"}],"about":[{"href":"https:\/\/www.europesays.com\/pt\/wp-json\/wp\/v2\/types\/post"}],"author":[{"embeddable":true,"href":"https:\/\/www.europesays.com\/pt\/wp-json\/wp\/v2\/users\/2"}],"replies":[{"embeddable":true,"href":"https:\/\/www.europesays.com\/pt\/wp-json\/wp\/v2\/comments?post=190520"}],"version-history":[{"count":0,"href":"https:\/\/www.europesays.com\/pt\/wp-json\/wp\/v2\/posts\/190520\/revisions"}],"wp:featuredmedia":[{"embeddable":true,"href":"https:\/\/www.europesays.com\/pt\/wp-json\/wp\/v2\/media\/190521"}],"wp:attachment":[{"href":"https:\/\/www.europesays.com\/pt\/wp-json\/wp\/v2\/media?parent=190520"}],"wp:term":[{"taxonomy":"category","embeddable":true,"href":"https:\/\/www.europesays.com\/pt\/wp-json\/wp\/v2\/categories?post=190520"},{"taxonomy":"post_tag","embeddable":true,"href":"https:\/\/www.europesays.com\/pt\/wp-json\/wp\/v2\/tags?post=190520"}],"curies":[{"name":"wp","href":"https:\/\/api.w.org\/{rel}","templated":true}]}}