{"id":190524,"date":"2025-12-16T11:34:17","date_gmt":"2025-12-16T11:34:17","guid":{"rendered":"https:\/\/www.europesays.com\/pt\/190524\/"},"modified":"2025-12-16T11:34:17","modified_gmt":"2025-12-16T11:34:17","slug":"o-agente-secreto-esta-entre-os-melhores-filmes-do-ano-16-12-2025-ilustrada","status":"publish","type":"post","link":"https:\/\/www.europesays.com\/pt\/190524\/","title":{"rendered":"&#8216;O Agente Secreto&#8217; est\u00e1 entre os melhores filmes do ano &#8211; 16\/12\/2025 &#8211; Ilustrada"},"content":{"rendered":"<p><a href=\"https:\/\/www1.folha.uol.com.br\/folha-topicos\/o-agente-secreto\/\" rel=\"nofollow noopener\" target=\"\">&#8220;O Agente Secreto&#8221;<\/a> \u00e9 o terceiro melhor filme de 2025 para o cr\u00edtico de cinema da revista <a href=\"https:\/\/www1.folha.uol.com.br\/ilustrada\/2025\/02\/new-yorker-chega-aos-cem-como-um-icone-de-resistencia-do-jornalismo.shtml\" rel=\"nofollow noopener\" target=\"\">The New Yorker<\/a>, Richard Brody. Na lista, publicada nesta segunda-feira (15), o longa-metragem de <a href=\"https:\/\/www1.folha.uol.com.br\/folha-topicos\/kleber-mendonca-filho\/\" rel=\"nofollow noopener\" target=\"\">Kleber Mendon\u00e7a Filho<\/a> fica atr\u00e1s de &#8220;Pecadores&#8221;, em primeiro lugar, e &#8220;The Mastermind&#8221;, em segundo lugar.<\/p>\n<p>Para o autor, o ano foi &#8220;espetacular&#8221; para a ind\u00fastria cinematogr\u00e1fica. Isso porque boa parte dos lan\u00e7amentos &#8220;confronta o poder \u2013as enormes for\u00e7as sociais que formam e deformam as vidas das pessoas\u2013 e provoca resist\u00eancia&#8221;.<\/p>\n<p>A pel\u00edcula brasileira, por exemplo, \u00e9 ambientada em 1977, quando a<a href=\"https:\/\/www1.folha.uol.com.br\/folha-topicos\/ditadura-militar\/\" rel=\"nofollow noopener\" target=\"\"> ditadura militar <\/a>completava seu 13\u00ba anivers\u00e1rio.<a href=\"https:\/\/www1.folha.uol.com.br\/folha-topicos\/wagner-moura\/\" rel=\"nofollow noopener\" target=\"\"> Wagner Moura<\/a> interpreta um cientista da UFPE (Universidade Federal de Pernambuco) que passa \u00e0 clandestinidade. Ele \u00e9 perseguido por um empres\u00e1rio ligado ao regime que tentou interferir nos trabalhos desenvolvidos pela equipe do pesquisador, que <a href=\"https:\/\/www1.folha.uol.com.br\/ilustrissima\/2025\/11\/o-agente-secreto-capta-a-atmosfera-de-um-brasil-sem-rumo.shtml\" rel=\"nofollow noopener\" target=\"\">confrontou a interven\u00e7\u00e3o<\/a>. O filme permanece em cartaz nos cinemas.<\/p>\n<p>A sinopse dialoga com as dos outros filmes celebrados pelo cr\u00edtico. <a href=\"https:\/\/www1.folha.uol.com.br\/ilustrada\/2025\/04\/pecadores-entre-o-blues-e-o-horror-narra-vivencia-da-america-racista.shtml\" rel=\"nofollow noopener\" target=\"\">&#8220;Pecadores&#8221;<\/a>, de Ryan Coogler, se passa em Mississippi, sul dos Estados Unidos, em 1932. A narrativa \u00e9 centrada em dois irm\u00e3os g\u00eameos, ambos interpretados por Michael B. Jordan. Eles compram um moinho antigo e o transformam em um &#8220;juke joint&#8221; \u2013estabelecimento informal afro-americano que funcionava como bar, com m\u00fasica, bebidas e apostas. Acontece que a empreitada atrai vampiros que fazem apropria\u00e7\u00e3o cultural da m\u00fasica negra. A obra foi lan\u00e7ada no Brasil em abril de 2025.<\/p>\n<p><a href=\"https:\/\/www1.folha.uol.com.br\/ilustrada\/2025\/10\/the-mastermind-brilha-quando-troca-a-atitude-critica-pela-observacao.shtml\" rel=\"nofollow noopener\" target=\"\">&#8220;The Mastermind&#8221;<\/a>, de Kelly Reichardt, conta a hist\u00f3ria de um marceneiro desempregado, interpretado por Josh O\u2019Connor, que convence alguns amigos a roubar pinturas do museu de arte local. Ao longo da odiss\u00e9ia, quest\u00f5es existenciais s\u00e3o provocadas.<\/p>\n<p>&#8220;O Agente Secreto&#8221; j\u00e1 coleciona alguns pr\u00eamios, como o de <a href=\"https:\/\/www1.folha.uol.com.br\/ilustrada\/2025\/05\/o-agente-secreto-de-kleber-mendonca-filho-vence-o-premio-de-direcao-em-cannes.shtml\" rel=\"nofollow noopener\" target=\"\">melhor ator e melhor diretor do Festival de Cannes<\/a>. A ambi\u00e7\u00e3o maior \u00e9 o <a href=\"https:\/\/www1.folha.uol.com.br\/folha-topicos\/oscar\/\" rel=\"nofollow noopener\" target=\"\">Oscar<\/a>, que divulgar\u00e1 os finalistas em janeiro. No \u00faltimo dia 8, o Globo de Ouro <a href=\"https:\/\/www1.folha.uol.com.br\/ilustrada\/2025\/12\/o-agente-secreto-e-indicado-ao-globo-de-ouro-de-melhor-filme-em-lingua-estrangeira.shtml\" rel=\"nofollow noopener\" target=\"\">indicou o filme em tr\u00eas categorias<\/a>: melhor filme de drama, melhor filme em l\u00edngua n\u00e3o-inglesa e melhor ator em filme de drama. A cerim\u00f4nia de premia\u00e7\u00e3o ser\u00e1 em 11 de janeiro.<\/p>\n<p>A lista de Brody, divulgada no Instagram da publica\u00e7\u00e3o, aquece as expectativas para que o representante brasileiro saia premiado em, ao menos, uma categoria. Afinal, dos tr\u00eas escolhidos por ele, apenas &#8220;O Agente Secreto&#8221; concorreria como melhor filme internacional. Caso seja indicado \u2013e ganhe\u2013, a obra seguiria o caminho aberto por <a href=\"https:\/\/www1.folha.uol.com.br\/folha-topicos\/ainda-estou-aqui\/\" rel=\"nofollow noopener\" target=\"\">&#8220;Ainda Estou Aqui&#8221;<\/a>, o primeiro filme nacional a conquistar um Oscar. O filme tamb\u00e9m disputa o<a href=\"https:\/\/www1.folha.uol.com.br\/ilustrada\/2025\/12\/critics-choice-awards-termometro-do-oscar-anuncia-indicados-hoje.shtml\" rel=\"nofollow noopener\" target=\"\"> Critic\u2019s Choice Award<\/a> de melhor filme internacional e melhor ator.<\/p>\n","protected":false},"excerpt":{"rendered":"&#8220;O Agente Secreto&#8221; \u00e9 o terceiro melhor filme de 2025 para o cr\u00edtico de cinema da revista The&hellip;\n","protected":false},"author":2,"featured_media":190525,"comment_status":"","ping_status":"","sticky":false,"template":"","format":"standard","meta":{"footnotes":""},"categories":[140],"tags":[11098,30017,470,6724,13572,38350,114,115,17349,1203,147,148,236,19262,2595,38349,2153,5267,146,18200,2158,1409,7313,32,38348,33,38347],"class_list":{"0":"post-190524","1":"post","2":"type-post","3":"status-publish","4":"format-standard","5":"has-post-thumbnail","7":"category-filmes","8":"tag-academia-de-cinema","9":"tag-cannes","10":"tag-cinema","11":"tag-cinema-brasileiro","12":"tag-criticas-de-filmes","13":"tag-critics-choice-super-awards","14":"tag-entertainment","15":"tag-entretenimento","16":"tag-festival-de-cannes","17":"tag-festival-de-cinema","18":"tag-film","19":"tag-filmes","20":"tag-folha","21":"tag-globo-de-ouro","22":"tag-hollywood","23":"tag-indicados-ao-oscar","24":"tag-kleber-mendonca-filho","25":"tag-mostra-de-cinema","26":"tag-movies","27":"tag-new-yorker","28":"tag-o-agente-secreto","29":"tag-oscar","30":"tag-pecadores","31":"tag-portugal","32":"tag-premiacoes","33":"tag-pt","34":"tag-richard-brody"},"share_on_mastodon":{"url":"https:\/\/pubeurope.com\/@pt\/115729037124813193","error":""},"_links":{"self":[{"href":"https:\/\/www.europesays.com\/pt\/wp-json\/wp\/v2\/posts\/190524","targetHints":{"allow":["GET"]}}],"collection":[{"href":"https:\/\/www.europesays.com\/pt\/wp-json\/wp\/v2\/posts"}],"about":[{"href":"https:\/\/www.europesays.com\/pt\/wp-json\/wp\/v2\/types\/post"}],"author":[{"embeddable":true,"href":"https:\/\/www.europesays.com\/pt\/wp-json\/wp\/v2\/users\/2"}],"replies":[{"embeddable":true,"href":"https:\/\/www.europesays.com\/pt\/wp-json\/wp\/v2\/comments?post=190524"}],"version-history":[{"count":0,"href":"https:\/\/www.europesays.com\/pt\/wp-json\/wp\/v2\/posts\/190524\/revisions"}],"wp:featuredmedia":[{"embeddable":true,"href":"https:\/\/www.europesays.com\/pt\/wp-json\/wp\/v2\/media\/190525"}],"wp:attachment":[{"href":"https:\/\/www.europesays.com\/pt\/wp-json\/wp\/v2\/media?parent=190524"}],"wp:term":[{"taxonomy":"category","embeddable":true,"href":"https:\/\/www.europesays.com\/pt\/wp-json\/wp\/v2\/categories?post=190524"},{"taxonomy":"post_tag","embeddable":true,"href":"https:\/\/www.europesays.com\/pt\/wp-json\/wp\/v2\/tags?post=190524"}],"curies":[{"name":"wp","href":"https:\/\/api.w.org\/{rel}","templated":true}]}}