{"id":190554,"date":"2025-12-16T11:53:21","date_gmt":"2025-12-16T11:53:21","guid":{"rendered":"https:\/\/www.europesays.com\/pt\/190554\/"},"modified":"2025-12-16T11:53:21","modified_gmt":"2025-12-16T11:53:21","slug":"cometa-interestelar-3i-atlas-atinge-ponto-mais-proximo-da-terra-esta-sexta-feira-saiba-o-essencial","status":"publish","type":"post","link":"https:\/\/www.europesays.com\/pt\/190554\/","title":{"rendered":"Cometa interestelar 3I\/ATLAS atinge ponto mais pr\u00f3ximo da Terra esta sexta-feira: saiba o essencial"},"content":{"rendered":"<p>\n         Publicado a<br \/>\n            16\/12\/2025 &#8211; 11:48 GMT+1\n            <\/p>\n<p>Far\u00e1 a aproxima\u00e7\u00e3o mais pr\u00f3xima \u00e0 Terra na sexta-feira, 19 de dezembro, o cometa interestelar 3I\/ATLAS, que tem cativado imagina\u00e7\u00f5es em todo o mundo, oferecendo aos astr\u00f3nomos uma janela curta para observarem o raro visitante de outra gal\u00e1xia.<\/p>\n<p>Terceiro objeto interestelar confirmado, 3I\/ATLAS n\u00e3o chegar\u00e1 a menos de 269 milh\u00f5es de quil\u00f3metros da Terra, quase o dobro da dist\u00e2ncia m\u00e9dia entre a Terra e o Sol, segundo a Ag\u00eancia Espacial Europeia (ESA).<\/p>\n<p>Cientistas dizem que n\u00e3o representa perigo para a Terra nem para quaisquer outros planetas ao atravessar o Sistema Solar interior.<\/p>\n<p>Detetado pela primeira vez a 1 de julho pelo telesc\u00f3pio Asteroid Terrestrial-impact Last Alert System (ATLAS), em R\u00edo Hurtado, Chile, as caracter\u00edsticas e a trajet\u00f3ria invulgares do cometa desencadearam um frenesim online e deram origem a v\u00e1rias teorias, incluindo a de que foi enviado por extraterrestres <a href=\"https:\/\/www.euronews.com\/next\/2025\/11\/03\/was-3iatlas-sent-by-aliens-why-the-comet-from-another-world-continues-to-baffle\" rel=\"nofollow noopener\" target=\"_blank\"><strong>foi enviado por extraterrestres<\/strong><\/a>.<\/p>\n<p>Que esperam observar os astr\u00f3nomos?<\/p>\n<p>Cometas interestelares s\u00e3o extremamente raros, forasteiros da nossa gal\u00e1xia que transportam pistas sobre como se formam mundos muito para l\u00e1 dos limites do Sistema Solar.<\/p>\n<p>Observar um destes objetos a uma dist\u00e2ncia t\u00e3o curta \u00e9 uma oportunidade importante para estudar a coma, o halo luminoso de g\u00e1s e poeira libertado quando o cometa \u00e9 aquecido pelo Sol.<\/p>\n<p>Isto pode oferecer novas pistas sobre como cometas e planetas se formam em torno de outras estrelas no Universo.<\/p>\n<p>Cientistas j\u00e1 registaram imagens in\u00e9ditas de 3I\/ATLAS com telesc\u00f3pios terrestres, incluindo o observat\u00f3rio espacial de raios X XMM-Newton da Ag\u00eancia Espacial Europeia.<\/p>\n<p>As primeiras imagens de um cometa interestelar observadas em raios X revelaram um brilho difuso em raios X \u00e0 volta do n\u00facleo do cometa, esclarecendo um mist\u00e9rio antigo sobre se os cometas interestelares brilham em raios X como os do nosso Sistema Solar.<\/p>\n<p>Como acompanhar 3I\/ATLAS na passagem pela Terra?<\/p>\n<p>Para os observadores do c\u00e9u, a trajet\u00f3ria de 3I\/ATLAS continua demasiado distante da Terra para ser vista a olho nu.<\/p>\n<p>A boa not\u00edcia \u00e9 que, no ponto de maior aproxima\u00e7\u00e3o, 3I\/ATLAS pode ser observado no c\u00e9u antes do nascer do sol, mesmo com um pequeno telesc\u00f3pio. Segundo a NASA, permanecer\u00e1 observ\u00e1vel at\u00e9 \u00e0 primavera de 2026, parecendo uma estrela ligeiramente mais brilhante.<\/p>\n<p>Pode ver a localiza\u00e7\u00e3o exata de 3I\/ATLAS em tempo real no <a href=\"https:\/\/neotools.neo.s2p.esa.int\/ovt\" target=\"_blank\" rel=\"noreferrer nofollow noopener\"><strong>mapa interativo da ESA<\/strong><\/a>.<\/p>\n<p>Pode tamb\u00e9m acompanhar online a aproxima\u00e7\u00e3o de 3I\/ATLAS numa <a href=\"https:\/\/www.youtube.com\/watch?v=ficGuvPxV0s\" target=\"_blank\" rel=\"noreferrer nofollow noopener\"><strong>transmiss\u00e3o gratuita em direto<\/strong><\/a> organizada pelo Virtual Telescope Project. Se o tempo o permitir, a emiss\u00e3o come\u00e7ar\u00e1 \u00e0s 5h CET (04h00 UTC) de 19 de dezembro.<\/p>\n","protected":false},"excerpt":{"rendered":"Publicado a 16\/12\/2025 &#8211; 11:48 GMT+1 Far\u00e1 a aproxima\u00e7\u00e3o mais pr\u00f3xima \u00e0 Terra na sexta-feira, 19 de dezembro,&hellip;\n","protected":false},"author":2,"featured_media":190555,"comment_status":"","ping_status":"","sticky":false,"template":"","format":"standard","meta":{"footnotes":""},"categories":[84],"tags":[7801,109,107,108,24502,1149,32,33,105,103,104,106,110],"class_list":{"0":"post-190554","1":"post","2":"type-post","3":"status-publish","4":"format-standard","5":"has-post-thumbnail","7":"category-ciencia-e-tecnologia","8":"tag-agencia-espacial-europeia","9":"tag-ciencia","10":"tag-ciencia-e-tecnologia","11":"tag-cienciaetecnologia","12":"tag-investigacao-espacial","13":"tag-nasa","14":"tag-portugal","15":"tag-pt","16":"tag-science","17":"tag-science-and-technology","18":"tag-scienceandtechnology","19":"tag-technology","20":"tag-tecnologia"},"share_on_mastodon":{"url":"https:\/\/pubeurope.com\/@pt\/115729111743209544","error":""},"_links":{"self":[{"href":"https:\/\/www.europesays.com\/pt\/wp-json\/wp\/v2\/posts\/190554","targetHints":{"allow":["GET"]}}],"collection":[{"href":"https:\/\/www.europesays.com\/pt\/wp-json\/wp\/v2\/posts"}],"about":[{"href":"https:\/\/www.europesays.com\/pt\/wp-json\/wp\/v2\/types\/post"}],"author":[{"embeddable":true,"href":"https:\/\/www.europesays.com\/pt\/wp-json\/wp\/v2\/users\/2"}],"replies":[{"embeddable":true,"href":"https:\/\/www.europesays.com\/pt\/wp-json\/wp\/v2\/comments?post=190554"}],"version-history":[{"count":0,"href":"https:\/\/www.europesays.com\/pt\/wp-json\/wp\/v2\/posts\/190554\/revisions"}],"wp:featuredmedia":[{"embeddable":true,"href":"https:\/\/www.europesays.com\/pt\/wp-json\/wp\/v2\/media\/190555"}],"wp:attachment":[{"href":"https:\/\/www.europesays.com\/pt\/wp-json\/wp\/v2\/media?parent=190554"}],"wp:term":[{"taxonomy":"category","embeddable":true,"href":"https:\/\/www.europesays.com\/pt\/wp-json\/wp\/v2\/categories?post=190554"},{"taxonomy":"post_tag","embeddable":true,"href":"https:\/\/www.europesays.com\/pt\/wp-json\/wp\/v2\/tags?post=190554"}],"curies":[{"name":"wp","href":"https:\/\/api.w.org\/{rel}","templated":true}]}}