{"id":190558,"date":"2025-12-16T11:55:06","date_gmt":"2025-12-16T11:55:06","guid":{"rendered":"https:\/\/www.europesays.com\/pt\/190558\/"},"modified":"2025-12-16T11:55:06","modified_gmt":"2025-12-16T11:55:06","slug":"autores-do-massacre-em-bondi-terao-sido-inspirados-pelo-grupo-estado-islamico-terrorismo","status":"publish","type":"post","link":"https:\/\/www.europesays.com\/pt\/190558\/","title":{"rendered":"Autores do massacre em Bondi ter\u00e3o sido inspirados pelo grupo Estado Isl\u00e2mico | Terrorismo"},"content":{"rendered":"<p data-end=\"247\" data-start=\"0\">Dois alegados atiradores que atacaram um evento de Hannukah na praia de Bondi, em Sydney, tinham viajado para as Filipinas antes do ataque que matou 15 pessoas e aparentavam ter sido inspirados pelo Estado Isl\u00e2mico, afirmou a pol\u00edcia na ter\u00e7a-feira.<\/p>\n<p data-end=\"416\" data-start=\"249\">O ataque de domingo foi o pior tiroteio em massa <a href=\"https:\/\/www.publico.pt\/2025\/12\/14\/mundo\/noticia\/dez-feridos-tiroteio-praia-bondi-sydney-2158018\" rel=\"nofollow noopener\" target=\"_blank\">na Austr\u00e1lia<\/a> em quase 30 anos e est\u00e1 a ser investigado como um ato de terrorismo dirigido contra a comunidade judaica.<\/p>\n<p data-end=\"779\" data-start=\"418\">O n\u00famero de mortos ascende a 16, incluindo um dos alegados atiradores, identificado pela pol\u00edcia como Sajid Akram, de 50 anos, que foi abatido pelas for\u00e7as policiais. O <a href=\"https:\/\/www.publico.pt\/2025\/12\/15\/mundo\/noticia\/australia-considera-endurecer-leis-posse-armas-apos-massacre-sydney-2158072\" rel=\"nofollow noopener\" target=\"_blank\">filho do homem<\/a>, de 24 anos, e alegado c\u00famplice, identificado pelos meios de comunica\u00e7\u00e3o locais como Naveed Akram, encontrava-se em estado cr\u00edtico no hospital depois de tamb\u00e9m ter sido baleado.<\/p>\n<p>        &#13;<\/p>\n<p>&#13;<br \/>\n                &#13;\n            <\/p>\n<p>&#13;<\/p>\n<p data-end=\"1148\" data-start=\"781\">A <a href=\"https:\/\/www.publico.pt\/2025\/12\/14\/mundo\/noticia\/dez-feridos-tiroteio-praia-bondi-sydney-2158018\" rel=\"nofollow noopener\" target=\"_blank\">pol\u00edcia australiana<\/a> disse na ter\u00e7a-feira que ambos os homens tinham viajado para as Filipinas no m\u00eas passado e que o objectivo da desloca\u00e7\u00e3o est\u00e1 a ser investigado. As autoridades de imigra\u00e7\u00e3o filipinas afirmaram que ambos viajaram para Manila e depois para Davao a 1 de Novembro, tendo regressado a 28 de Novembro, apenas algumas semanas antes do tiroteio em <a href=\"https:\/\/www.publico.pt\/2025\/12\/15\/mundo\/noticia\/crianca-sobrevivente-holocausto-vitimas-mortais-ataque-sydney-2158126\" rel=\"nofollow noopener\" target=\"_blank\">Bondi<\/a>.<\/p>\n<p data-end=\"1266\" data-start=\"1150\">O pai viajou com um passaporte indiano, enquanto o filho utilizou um passaporte australiano, segundo as autoridades.<\/p>\n<p data-end=\"1557\" data-start=\"1268\">Sabe-se que redes ligadas ao <a href=\"https:\/\/www.publico.pt\/estado-islamico\" rel=\"nofollow noopener\" target=\"_blank\">Estado Isl\u00e2mico <\/a>operam nas Filipinas e exerceram alguma influ\u00eancia no sul do pa\u00eds. Nos \u00faltimos anos, foram reduzidas a c\u00e9lulas enfraquecidas a operar na ilha meridional de Mindanau, longe da escala de influ\u00eancia que detinham durante o cerco de Marawi, em 2017.<\/p>\n<p>        &#13;<\/p>\n<p>&#13;<br \/>\n                &#13;\n            <\/p>\n<p>&#13;<\/p>\n<p data-end=\"1792\" data-start=\"1559\">&#8220;Os primeiros ind\u00edcios apontam para um ataque terrorista inspirado pelo Estado Isl\u00e2mico, alegadamente cometido por um pai e um filho&#8221;, afirmou a comiss\u00e1ria da Pol\u00edcia Federal Australiana, Krissy Barrett, numa confer\u00eancia de imprensa.<\/p>\n<p data-end=\"2199\" data-start=\"1794\">&#8220;Estas s\u00e3o as alegadas ac\u00e7\u00f5es de pessoas que se alinharam com uma organiza\u00e7\u00e3o terrorista, n\u00e3o com uma religi\u00e3o&#8221;. A pol\u00edcia acrescentou ainda que o ve\u00edculo registado em nome do indiv\u00edduo mais jovem continha engenhos explosivos improvisados e duas bandeiras artesanais associadas ao ISIS, ou Estado Isl\u00e2mico, um grupo militante designado como organiza\u00e7\u00e3o terrorista pela Austr\u00e1lia e por muitos outros pa\u00edses.<\/p>\n<p data-end=\"2482\" data-start=\"2201\">O pai e o filho ter\u00e3o alegadamente <a href=\"https:\/\/www.publico.pt\/2025\/12\/15\/video\/ataque-terrorista-sydney-cometido-pai-filho-morreram-16-pessoas-20251215-162440\" rel=\"nofollow noopener\" target=\"_blank\">disparado <\/a>contra centenas de pessoas no festival durante uma vaga de viol\u00eancia de cerca de dez minutos num dos principais destinos tur\u00edsticos da Austr\u00e1lia, for\u00e7ando as pessoas a fugir e a procurar abrigo antes de ambos serem abatidos pela pol\u00edcia.<\/p>\n<p data-end=\"2688\" data-is-last-node=\"\" data-is-only-node=\"\" data-start=\"2484\">Surgiram v\u00eddeos do atirador mais jovem a pregar o Isl\u00e3o \u00e0 porta de esta\u00e7\u00f5es de comboio nos sub\u00farbios de Sydney. As autoridades continuam a tentar apurar como \u00e9 que ele enveredou pelo caminho da viol\u00eancia.<\/p>\n<p>O pa\u00eds regista muito poucos incidentes com recurso a armas e tem uma das legisla\u00e7\u00f5es mais apertadas para o seu porte. Mas este ataque pode levar a que esta legisla\u00e7\u00e3o torne o porte de armas ainda mais restrito.<\/p>\n<p>O primeiro-ministro de Nova Gales do Sul afirmou que queria \u201colhar\u201d para o n\u00famero de licen\u00e7as de porte de armas e que \u00e9 \u201ctempo para uma altera\u00e7\u00e3o sobre a legisla\u00e7\u00e3o de porte de armas em Nova Gales do Sul\u201d, mas que n\u00e3o estava pronto \u201ca anunci\u00e1-la hoje\u201d.<\/p>\n<p>Est\u00e3o a ser estudadas v\u00e1rias op\u00e7\u00f5es: apenas cidad\u00e3os australianos passam a poder ter uma licen\u00e7a, um registo oficial, uma limita\u00e7\u00e3o do n\u00famero de armas que uma pessoa pode ter e uma lista, ainda mais pequena do que a actual, do tipo de armas consideradas legais. O Governo federal est\u00e1 ainda a trabalhar em restri\u00e7\u00f5es ainda maiores na importa\u00e7\u00e3o de armas e de potenciais elementos usados para as alterar, incluindo impress\u00e3o 3D.<\/p>\n","protected":false},"excerpt":{"rendered":"Dois alegados atiradores que atacaram um evento de Hannukah na praia de Bondi, em Sydney, tinham viajado para&hellip;\n","protected":false},"author":2,"featured_media":190559,"comment_status":"","ping_status":"","sticky":false,"template":"","format":"standard","meta":{"footnotes":""},"categories":[50],"tags":[27,28,36668,15,16,14,22969,25,26,21,22,432,62,12,13,19,20,23,24,20900,8270,17,18,29,30,31,63,64,65],"class_list":{"0":"post-190558","1":"post","2":"type-post","3":"status-publish","4":"format-standard","5":"has-post-thumbnail","7":"category-mundo","8":"tag-breaking-news","9":"tag-breakingnews","10":"tag-estado-islamico","11":"tag-featured-news","12":"tag-featurednews","13":"tag-headlines","14":"tag-iraque","15":"tag-latest-news","16":"tag-latestnews","17":"tag-main-news","18":"tag-mainnews","19":"tag-medio-oriente","20":"tag-mundo","21":"tag-news","22":"tag-noticias","23":"tag-noticias-principais","24":"tag-noticiasprincipais","25":"tag-principais-noticias","26":"tag-principaisnoticias","27":"tag-siria","28":"tag-terrorismo","29":"tag-top-stories","30":"tag-topstories","31":"tag-ultimas","32":"tag-ultimas-noticias","33":"tag-ultimasnoticias","34":"tag-world","35":"tag-world-news","36":"tag-worldnews"},"share_on_mastodon":{"url":"https:\/\/pubeurope.com\/@pt\/115729119605067951","error":""},"_links":{"self":[{"href":"https:\/\/www.europesays.com\/pt\/wp-json\/wp\/v2\/posts\/190558","targetHints":{"allow":["GET"]}}],"collection":[{"href":"https:\/\/www.europesays.com\/pt\/wp-json\/wp\/v2\/posts"}],"about":[{"href":"https:\/\/www.europesays.com\/pt\/wp-json\/wp\/v2\/types\/post"}],"author":[{"embeddable":true,"href":"https:\/\/www.europesays.com\/pt\/wp-json\/wp\/v2\/users\/2"}],"replies":[{"embeddable":true,"href":"https:\/\/www.europesays.com\/pt\/wp-json\/wp\/v2\/comments?post=190558"}],"version-history":[{"count":0,"href":"https:\/\/www.europesays.com\/pt\/wp-json\/wp\/v2\/posts\/190558\/revisions"}],"wp:featuredmedia":[{"embeddable":true,"href":"https:\/\/www.europesays.com\/pt\/wp-json\/wp\/v2\/media\/190559"}],"wp:attachment":[{"href":"https:\/\/www.europesays.com\/pt\/wp-json\/wp\/v2\/media?parent=190558"}],"wp:term":[{"taxonomy":"category","embeddable":true,"href":"https:\/\/www.europesays.com\/pt\/wp-json\/wp\/v2\/categories?post=190558"},{"taxonomy":"post_tag","embeddable":true,"href":"https:\/\/www.europesays.com\/pt\/wp-json\/wp\/v2\/tags?post=190558"}],"curies":[{"name":"wp","href":"https:\/\/api.w.org\/{rel}","templated":true}]}}