{"id":190560,"date":"2025-12-16T11:56:06","date_gmt":"2025-12-16T11:56:06","guid":{"rendered":"https:\/\/www.europesays.com\/pt\/190560\/"},"modified":"2025-12-16T11:56:06","modified_gmt":"2025-12-16T11:56:06","slug":"neve-fecha-estradas-na-serra-da-estrela","status":"publish","type":"post","link":"https:\/\/www.europesays.com\/pt\/190560\/","title":{"rendered":"Neve fecha estradas na Serra da Estrela"},"content":{"rendered":"<p data-remotead-prev-elm=\"true\" data-remotead-elm-id=\"inread\">&#8220;Os tro\u00e7os entre os Piornos [no concelho da Covilh\u00e3], a Torre e a Lagoa Comprida [no concelho de Seia], na Estrada Nacional 338, foram fechados ao tr\u00e2nsito pelas 18.45 horas devido \u00e0 queda de neve. \u00c0s 20.15 horas foram encerradas as liga\u00e7\u00f5es Portela do Ar\u00e3o-Lagoa Comprida e Sabugueiro-Lagoa Comprida, ambos no concelho de Seia&#8221;, adiantou fonte do Comando Sub-regional de Emerg\u00eancia e Prote\u00e7\u00e3o Civil das Beiras e Serra da Estrela \u00e0 ag\u00eancia Lusa.<\/p>\n<p>A mesma fonte acrescentou que continua a nevar no maci\u00e7o central e n\u00e3o h\u00e1 previs\u00e3o para a reabertura daqueles tro\u00e7os.<\/p>\n<p>As previs\u00f5es do Instituto Portugu\u00eas do Mar e da Atmosfera (IPMA) para esta segunda-feira apontavam para queda de neve nos pontos mais altos da Serra da Estrela, descendo a cota para 1400\/1600 metros a partir do final da tarde.<\/p>\n","protected":false},"excerpt":{"rendered":"&#8220;Os tro\u00e7os entre os Piornos [no concelho da Covilh\u00e3], a Torre e a Lagoa Comprida [no concelho de&hellip;\n","protected":false},"author":2,"featured_media":190561,"comment_status":"","ping_status":"","sticky":false,"template":"","format":"standard","meta":{"footnotes":""},"categories":[10],"tags":[27,28,31384,15,16,14,25,26,21,22,11288,12,13,19,20,32,23,24,33,9906,17,18,29,30,31],"class_list":{"0":"post-190560","1":"post","2":"type-post","3":"status-publish","4":"format-standard","5":"has-post-thumbnail","7":"category-portugal","8":"tag-breaking-news","9":"tag-breakingnews","10":"tag-concelho-covilha","11":"tag-featured-news","12":"tag-featurednews","13":"tag-headlines","14":"tag-latest-news","15":"tag-latestnews","16":"tag-main-news","17":"tag-mainnews","18":"tag-neve","19":"tag-news","20":"tag-noticias","21":"tag-noticias-principais","22":"tag-noticiasprincipais","23":"tag-portugal","24":"tag-principais-noticias","25":"tag-principaisnoticias","26":"tag-pt","27":"tag-serra-da-estrela","28":"tag-top-stories","29":"tag-topstories","30":"tag-ultimas","31":"tag-ultimas-noticias","32":"tag-ultimasnoticias"},"share_on_mastodon":{"url":"https:\/\/pubeurope.com\/@pt\/115729123539674369","error":""},"_links":{"self":[{"href":"https:\/\/www.europesays.com\/pt\/wp-json\/wp\/v2\/posts\/190560","targetHints":{"allow":["GET"]}}],"collection":[{"href":"https:\/\/www.europesays.com\/pt\/wp-json\/wp\/v2\/posts"}],"about":[{"href":"https:\/\/www.europesays.com\/pt\/wp-json\/wp\/v2\/types\/post"}],"author":[{"embeddable":true,"href":"https:\/\/www.europesays.com\/pt\/wp-json\/wp\/v2\/users\/2"}],"replies":[{"embeddable":true,"href":"https:\/\/www.europesays.com\/pt\/wp-json\/wp\/v2\/comments?post=190560"}],"version-history":[{"count":0,"href":"https:\/\/www.europesays.com\/pt\/wp-json\/wp\/v2\/posts\/190560\/revisions"}],"wp:featuredmedia":[{"embeddable":true,"href":"https:\/\/www.europesays.com\/pt\/wp-json\/wp\/v2\/media\/190561"}],"wp:attachment":[{"href":"https:\/\/www.europesays.com\/pt\/wp-json\/wp\/v2\/media?parent=190560"}],"wp:term":[{"taxonomy":"category","embeddable":true,"href":"https:\/\/www.europesays.com\/pt\/wp-json\/wp\/v2\/categories?post=190560"},{"taxonomy":"post_tag","embeddable":true,"href":"https:\/\/www.europesays.com\/pt\/wp-json\/wp\/v2\/tags?post=190560"}],"curies":[{"name":"wp","href":"https:\/\/api.w.org\/{rel}","templated":true}]}}