{"id":190562,"date":"2025-12-16T11:57:36","date_gmt":"2025-12-16T11:57:36","guid":{"rendered":"https:\/\/www.europesays.com\/pt\/190562\/"},"modified":"2025-12-16T11:57:36","modified_gmt":"2025-12-16T11:57:36","slug":"rangel-nao-se-pronuncia-sobre-o-caso-do-dinheiro-apreendido-a-homem-proximo-de-sissoco-embalo","status":"publish","type":"post","link":"https:\/\/www.europesays.com\/pt\/190562\/","title":{"rendered":"Rangel n\u00e3o se pronuncia sobre o caso do dinheiro apreendido a homem pr\u00f3ximo de Sissoco Embal\u00f3"},"content":{"rendered":"<p>                Paulo Rangel diz que Portugal vai defender, na ter\u00e7a-feira na reuni\u00e3o da CPLP, a liberta\u00e7\u00e3o de todos os presos pol\u00edticos, de restaurar a necessidade constitucional e at\u00e9 apurar os resultados eleitorais.<\/p>\n<p>          <img decoding=\"async\" itemprop=\"image\" class=\"img-fluid\"   src=\"https:\/\/www.europesays.com\/pt\/wp-content\/uploads\/2025\/12\/1765886256_990_bg_playeraudio_4.jpg\"\/><\/p>\n<p>\nPaulo Rangel diz que dever\u00e1 haver uma suspens\u00e3o da participa\u00e7\u00e3o da Guin\u00e9 Bissau na CPLP.<\/p>\n<p>&#13;<br \/>\n<b>Homem pr\u00f3ximo de ex-PR guineense libertado sem ir a tribunal<\/b>&#13;\n<\/p>\n<p>\nO homem pr\u00f3ximo do ex-presidente Sissoco Embal\u00f3, detido no domingo em Lisboa por suspeita de contrabando e branqueamento, foi libertado sem ir a tribunal, indicou \u00e0 Lusa fonte da Pol\u00edcia Judici\u00e1ria (PJ).<\/p>\n<p>O arguido, cuja proximidade a Sissoco Embal\u00f3 foi confirmada \u00e0 Lusa por fonte ligada \u00e0 investiga\u00e7\u00e3o, foi detido no domingo pela PJ no Aeroporto Militar de Figo Maduro, em Lisboa, e na sua bagagem tinha cerca de cinco milh\u00f5es de euros em numer\u00e1rio, cuja origem ser\u00e1 agora investigada pelas autoridades.<br \/>&#13;\n<\/p>\n<p>&#13;<br \/>\nc\/ Lusa&#13;<\/p>\n","protected":false},"excerpt":{"rendered":"Paulo Rangel diz que Portugal vai defender, na ter\u00e7a-feira na reuni\u00e3o da CPLP, a liberta\u00e7\u00e3o de todos os&hellip;\n","protected":false},"author":2,"featured_media":190563,"comment_status":"","ping_status":"","sticky":false,"template":"","format":"standard","meta":{"footnotes":""},"categories":[8],"tags":[27,28,15,16,14,25,26,21,22,12,13,19,20,32,23,24,33,420,421,17,18,29,30,31],"class_list":{"0":"post-190562","1":"post","2":"type-post","3":"status-publish","4":"format-standard","5":"has-post-thumbnail","7":"category-principais-noticias","8":"tag-breaking-news","9":"tag-breakingnews","10":"tag-featured-news","11":"tag-featurednews","12":"tag-headlines","13":"tag-latest-news","14":"tag-latestnews","15":"tag-main-news","16":"tag-mainnews","17":"tag-news","18":"tag-noticias","19":"tag-noticias-principais","20":"tag-noticiasprincipais","21":"tag-portugal","22":"tag-principais-noticias","23":"tag-principaisnoticias","24":"tag-pt","25":"tag-rtp","26":"tag-rtp-noticias","27":"tag-top-stories","28":"tag-topstories","29":"tag-ultimas","30":"tag-ultimas-noticias","31":"tag-ultimasnoticias"},"share_on_mastodon":{"url":"https:\/\/pubeurope.com\/@pt\/115729127802669907","error":""},"_links":{"self":[{"href":"https:\/\/www.europesays.com\/pt\/wp-json\/wp\/v2\/posts\/190562","targetHints":{"allow":["GET"]}}],"collection":[{"href":"https:\/\/www.europesays.com\/pt\/wp-json\/wp\/v2\/posts"}],"about":[{"href":"https:\/\/www.europesays.com\/pt\/wp-json\/wp\/v2\/types\/post"}],"author":[{"embeddable":true,"href":"https:\/\/www.europesays.com\/pt\/wp-json\/wp\/v2\/users\/2"}],"replies":[{"embeddable":true,"href":"https:\/\/www.europesays.com\/pt\/wp-json\/wp\/v2\/comments?post=190562"}],"version-history":[{"count":0,"href":"https:\/\/www.europesays.com\/pt\/wp-json\/wp\/v2\/posts\/190562\/revisions"}],"wp:featuredmedia":[{"embeddable":true,"href":"https:\/\/www.europesays.com\/pt\/wp-json\/wp\/v2\/media\/190563"}],"wp:attachment":[{"href":"https:\/\/www.europesays.com\/pt\/wp-json\/wp\/v2\/media?parent=190562"}],"wp:term":[{"taxonomy":"category","embeddable":true,"href":"https:\/\/www.europesays.com\/pt\/wp-json\/wp\/v2\/categories?post=190562"},{"taxonomy":"post_tag","embeddable":true,"href":"https:\/\/www.europesays.com\/pt\/wp-json\/wp\/v2\/tags?post=190562"}],"curies":[{"name":"wp","href":"https:\/\/api.w.org\/{rel}","templated":true}]}}