{"id":190576,"date":"2025-12-16T12:12:15","date_gmt":"2025-12-16T12:12:15","guid":{"rendered":"https:\/\/www.europesays.com\/pt\/190576\/"},"modified":"2025-12-16T12:12:15","modified_gmt":"2025-12-16T12:12:15","slug":"eua-anunciam-mais-oito-mortos-em-ataques-nas-caraibas-contra-tres-embarcacoes","status":"publish","type":"post","link":"https:\/\/www.europesays.com\/pt\/190576\/","title":{"rendered":"EUA anunciam mais oito mortos em ataques nas Cara\u00edbas contra tr\u00eas embarca\u00e7\u00f5es"},"content":{"rendered":"<p data-remotead-prev-elm=\"true\" data-remotead-elm-id=\"inread\">&#8220;Informa\u00e7\u00f5es confirmaram que esses navios transitavam por rotas conhecidas do narcotr\u00e1fico no leste do Pac\u00edfico e estavam envolvidos no narcotr\u00e1fico&#8221;, declarou o Comando Sul dos Estados Unidos na rede social X, numa publica\u00e7\u00e3o acompanhada de um v\u00eddeo que mostra ataques a navios no mar.<\/p>\n<p>&#8220;Um total de oito narcoterroristas do sexo masculino foram mortos&#8221; nessas opera\u00e7\u00f5es, acrescentou o ex\u00e9rcito.<\/p>\n<blockquote class=\"twitter-tweet\">\n<p>On Dec. 15, at the direction of <a href=\"https:\/\/twitter.com\/SecWar?ref_src=twsrc%5Etfw\" rel=\"nofollow noopener\" target=\"_blank\">@SecWar<\/a> Pete Hegseth, Joint Task Force Southern Spear conducted lethal kinetic strikes on three vessels operated by Designated Terrorist Organizations in international waters. Intelligence confirmed that the vessels were transiting along known&#8230; <a href=\"https:\/\/t.co\/IQfCVvUpau\" rel=\"nofollow\">pic.twitter.com\/IQfCVvUpau<\/a><\/p>\n<p>&#8211; U.S. Southern Command (@Southcom) <a href=\"https:\/\/twitter.com\/Southcom\/status\/2000756230252314901?ref_src=twsrc%5Etfw\" rel=\"nofollow noopener\" target=\"_blank\">December 16, 2025<\/a><\/p><\/blockquote>\n<p>Desde o in\u00edcio de setembro, os Estados Unidos realizaram ataques contra pelo menos 26 navios, que acusaram de operar no tr\u00e1fico de drogas nas Cara\u00edbas ou no leste do Pac\u00edfico, <strong>executando, pelo menos, 95 pessoas, sem fornecer provas<\/strong> de que essas embarca\u00e7\u00f5es estivessem envolvidas em atividades criminosas, o que levou especialistas e as Na\u00e7\u00f5es Unidas a questionarem a legalidade das opera\u00e7\u00f5es.<\/p>\n<p data-remotead-prev-elm=\"true\" data-remotead-elm-id=\"centro1\">Os Estados Unidos tamb\u00e9m refor\u00e7aram a presen\u00e7a militar no mar das Cara\u00edbas desde agosto, sob o argumento da luta contra o narcotr\u00e1fico, enviando para a regi\u00e3o em outubro o maior porta-avi\u00f5es do mundo, o USS Gerald R. Ford, com cerca de cinco mil militares a bordo e 75 avi\u00f5es de combate, incluindo ca\u00e7as F-18, com uma escolta de cinco contratorpedeiros.<\/p>\n<p>No final de outubro, o n\u00famero de <strong>soldados norte-americanos no sul das Cara\u00edbas<\/strong> e na base militar dos Estados Unidos em Porto Rico ascendia a 10 mil, metade dos quais a bordo de oito navios.<\/p>\n<p>O secret\u00e1rio de Guerra dos Estados Unidos &#8211; nova designa\u00e7\u00e3o da Administra\u00e7\u00e3o Trump para o titular do antigo Departamento de Defesa -, Pete Hegseth, comparou nas redes sociais os ataques contra os cart\u00e9is \u00e0s guerras dos Estados Unidos no M\u00e9dio Oriente e no Afeganist\u00e3o nos \u00faltimos 24 anos.<\/p>\n<p data-remotead-prev-elm=\"true\" data-remotead-elm-id=\"centro2\">A Casa Branca acusa o presidente venezuelano, Nicol\u00e1s Maduro, de liderar uma vasta rede de narcotr\u00e1fico, o que o chefe de Estado visado nega categoricamente, afirmando que Washington procura derrub\u00e1-lo para se apoderar do petr\u00f3leo do pa\u00eds.<\/p>\n<blockquote data-type=\"articles\" data-id=\"related-article-17873575\"><p>\n              <strong>Leia tamb\u00e9m <\/strong><br \/>\n              <a href=\"https:\/\/www.jn.pt\/mundo\/artigo\/cartel-de-los-soles-o-grupo-de-narcotrafico-liderado-por-maduro-que-nem-se-sabe-se-existe\/17873575\" rel=\"nofollow noopener\" target=\"_blank\">Cartel de los Soles: o grupo de narcotr\u00e1fico &#8220;liderado&#8221; por Maduro que nem se sabe se existe<\/a>\n            <\/p><\/blockquote>\n<p>A legalidade dos ataques norte-americanos em \u00e1guas estrangeiras ou internacionais contra suspeitos n\u00e3o intercetados, interrogados e conduzidos perante a justi\u00e7a tem vindo a ser censurada, desde logo pela organiza\u00e7\u00e3o Human Rights Watch (HRW) de defesa dos direitos humanos, que exortou os parceiros dos Estados Unidos a <strong>condenarem os ataques &#8220;ilegais&#8221;<\/strong> contra embarca\u00e7\u00f5es de alegados traficantes de droga.<\/p>\n<p>&#8220;De acordo com o direito internacional, o uso intencional de for\u00e7a letal s\u00f3 \u00e9 permitido como \u00faltimo recurso contra um indiv\u00edduo que represente uma amea\u00e7a iminente \u00e0 vida&#8221;, sublinhou, por outro lado, em outubro o Alto Comissariado das Na\u00e7\u00f5es Unidas para os Direitos Humanos.<\/p>\n<p data-remotead-prev-elm=\"true\" data-remotead-elm-id=\"centro3\">Em meados de novembro, os chefes da diplomacia do G7, reunidos no Canad\u00e1, <strong>questionaram os Estados Unidos<\/strong> sobre a legalidade dos ataques.<\/p>\n<p>&#8220;Observamos com preocupa\u00e7\u00e3o as opera\u00e7\u00f5es militares na regi\u00e3o das Cara\u00edbas, porque ignoram o direito internacional e porque a Fran\u00e7a est\u00e1 presente nesta regi\u00e3o atrav\u00e9s dos seus territ\u00f3rios ultramarinos, onde residem mais de um milh\u00e3o dos nossos compatriotas&#8221;, disse na altura o ministro dos Neg\u00f3cios Estrangeiros franc\u00eas, Jean-No\u00ebl Barrot, \u00e0 margem da sess\u00e3o realizada nas proximidades das cataratas do Ni\u00e1gara.<\/p>\n<p>Estas declara\u00e7\u00f5es foram, por outro lado, produzidas um dia depois de a CNN ter noticiado que o <strong>Reino Unido suspendeu a partilha de informa\u00e7\u00f5es com os Estados Unidos nas Cara\u00edbas<\/strong>, devido \u00e0 preocupa\u00e7\u00e3o de poder ser responsabilizado criminalmente, caso fosse implicado nos ataques. O secret\u00e1rio de Estado norte-americano, Marco Rubio, negou esta not\u00edcia.<\/p>\n<p><script async src=\"https:\/\/platform.twitter.com\/widgets.js\" charset=\"utf-8\"><\/script><\/p>\n","protected":false},"excerpt":{"rendered":"&#8220;Informa\u00e7\u00f5es confirmaram que esses navios transitavam por rotas conhecidas do narcotr\u00e1fico no leste do Pac\u00edfico e estavam envolvidos&hellip;\n","protected":false},"author":2,"featured_media":190577,"comment_status":"","ping_status":"","sticky":false,"template":"","format":"standard","meta":{"footnotes":""},"categories":[50],"tags":[27,28,9109,15,16,14,25,26,21,22,62,7808,12,13,19,20,23,24,17,18,29,30,31,3023,63,64,65],"class_list":{"0":"post-190576","1":"post","2":"type-post","3":"status-publish","4":"format-standard","5":"has-post-thumbnail","7":"category-mundo","8":"tag-breaking-news","9":"tag-breakingnews","10":"tag-caraibas","11":"tag-featured-news","12":"tag-featurednews","13":"tag-headlines","14":"tag-latest-news","15":"tag-latestnews","16":"tag-main-news","17":"tag-mainnews","18":"tag-mundo","19":"tag-narcotrafico","20":"tag-news","21":"tag-noticias","22":"tag-noticias-principais","23":"tag-noticiasprincipais","24":"tag-principais-noticias","25":"tag-principaisnoticias","26":"tag-top-stories","27":"tag-topstories","28":"tag-ultimas","29":"tag-ultimas-noticias","30":"tag-ultimasnoticias","31":"tag-venezuela","32":"tag-world","33":"tag-world-news","34":"tag-worldnews"},"share_on_mastodon":{"url":"https:\/\/pubeurope.com\/@pt\/115729186476632010","error":""},"_links":{"self":[{"href":"https:\/\/www.europesays.com\/pt\/wp-json\/wp\/v2\/posts\/190576","targetHints":{"allow":["GET"]}}],"collection":[{"href":"https:\/\/www.europesays.com\/pt\/wp-json\/wp\/v2\/posts"}],"about":[{"href":"https:\/\/www.europesays.com\/pt\/wp-json\/wp\/v2\/types\/post"}],"author":[{"embeddable":true,"href":"https:\/\/www.europesays.com\/pt\/wp-json\/wp\/v2\/users\/2"}],"replies":[{"embeddable":true,"href":"https:\/\/www.europesays.com\/pt\/wp-json\/wp\/v2\/comments?post=190576"}],"version-history":[{"count":0,"href":"https:\/\/www.europesays.com\/pt\/wp-json\/wp\/v2\/posts\/190576\/revisions"}],"wp:featuredmedia":[{"embeddable":true,"href":"https:\/\/www.europesays.com\/pt\/wp-json\/wp\/v2\/media\/190577"}],"wp:attachment":[{"href":"https:\/\/www.europesays.com\/pt\/wp-json\/wp\/v2\/media?parent=190576"}],"wp:term":[{"taxonomy":"category","embeddable":true,"href":"https:\/\/www.europesays.com\/pt\/wp-json\/wp\/v2\/categories?post=190576"},{"taxonomy":"post_tag","embeddable":true,"href":"https:\/\/www.europesays.com\/pt\/wp-json\/wp\/v2\/tags?post=190576"}],"curies":[{"name":"wp","href":"https:\/\/api.w.org\/{rel}","templated":true}]}}