{"id":190590,"date":"2025-12-16T12:24:10","date_gmt":"2025-12-16T12:24:10","guid":{"rendered":"https:\/\/www.europesays.com\/pt\/190590\/"},"modified":"2025-12-16T12:24:10","modified_gmt":"2025-12-16T12:24:10","slug":"honor-vai-lancar-uma-serie-inedita-de-telemoveis-e-falta-muito-pouco","status":"publish","type":"post","link":"https:\/\/www.europesays.com\/pt\/190590\/","title":{"rendered":"Honor vai lan\u00e7ar uma s\u00e9rie in\u00e9dita de telem\u00f3veis: e falta (muito) pouco!"},"content":{"rendered":"<p class=\"leading\">\n                A Honor vai lan\u00e7ar uma nova s\u00e9rie de telem\u00f3veis chamada &#8220;Win&#8221; at\u00e9 ao final de 2025.            <\/p>\n<p>        <img decoding=\"async\" alt=\"Honor\" height=\"900\" src=\"https:\/\/www.europesays.com\/pt\/wp-content\/uploads\/2025\/12\/design-sem-nome-2025-12-16t112229-526.jpg\" width=\"1600\" fetchpriority=\"high\"\/><br \/>\nFoto Honor<\/p>\n<p><a href=\"https:\/\/whatsapp.com\/channel\/0029Va54F7B7j6gBNXobAM16\" rel=\"nofollow noopener\" class=\"banner-deals mb20 banner-deals-rotation banner-deals-rotation--whatsapp\" target=\"_blank\"><\/p>\n<p>        Entra no nosso canal Whatsapp<br \/>e recebe as melhores ofertas<\/p>\n<p>        ENTRAR\n    <\/p>\n<p><\/a><\/p>\n<p>J\u00e1 n\u00e3o falta muito para conhecermos a nova s\u00e9rie de <a href=\"https:\/\/4gnews.pt\/este-telemovel-gama-media-da-honor-vende-como-nunca-e-podes-comprar-em-portugal\/\" rel=\"nofollow noopener\" target=\"_blank\">telem\u00f3veis da Honor<\/a>. Quem o confirmou foi a pr\u00f3pria Honor, que revelou que a s\u00e9rie \u201cHonor Win\u201d vai ser lan\u00e7ada ainda neste m\u00eas de dezembro, na China.<\/p>\n<p>Fica ainda por esclarecer em que dia \u00e9 que o lan\u00e7amento ir\u00e1 acontecer. N\u00e3o h\u00e1 tamb\u00e9m nenhum ind\u00edcio de que a s\u00e9rie Win possa ser lan\u00e7ada no mercado global.<\/p>\n<p>O que ser\u00e1 esta nova s\u00e9rie \u201cWin\u201d?<\/p>\n<p>Ao que tudo indica, a s\u00e9rie \u201cWin\u201d ser\u00e1 focada em gaming. Ou seja, um poss\u00edvel concorrente dos telem\u00f3veis Red Magic e companhia. Por enquanto, \u00e9 alta a curiosidade, na medida em que poucas s\u00e3o as informa\u00e7\u00f5es que dispomos.<\/p>\n<p>O teaser lan\u00e7ado pela Honor d\u00e1-nos uma ideia aproximada do design traseiro. Olhando, conseguimos ver que h\u00e1 um grande m\u00f3dulo de c\u00e2mara retangular, que vem com o logotipo \u201cWin\u201d iluminado em luzes azuis do lado.<\/p>\n<p>Como refere a <a href=\"https:\/\/www.gsmarena.com\/honor_win_series_confirmed_to_launch_this_month-news-70729.php\" rel=\"nofollow noopener\" target=\"_blank\">GSM Arena<\/a>, com base em relat\u00f3rios recentes do mercado, \u00e9 poss\u00edvel que o Honor Win seja uma substitui\u00e7\u00e3o direta da linha GT da Honor. Estima-se ainda que os modelos \u201cWin\u201d venham com tr\u00eas cores diferentes: preto, azul e ciano.<\/p>\n<p>Novamente sobre a c\u00e2mara, tudo aponta para que haja tr\u00eas c\u00e2maras traseiras e uma frontal. Outro ponto interessante \u00e9 o facto de se esperar uma bateria de 10.000 mAh. \u00c9 quase o dobro da bateria de modelos padr\u00e3o, o que se justifica neste caso.<\/p>\n<p>Afinal de contas, um telem\u00f3vel para gaming deve ter uma autonomia grande e, j\u00e1 agora, um processador que aguente bem com os jogos mais exigentes. Resta aguardar pelo lan\u00e7amento oficial que, aparentemente, est\u00e1 prestes a acontecer.<\/p>\n<p>At\u00e9 l\u00e1, se procuras um telem\u00f3vel ideal para gaming, o Redmagic 10 Pro pode ser uma alternativa a ter em conta. Podes encontrar mais informa\u00e7\u00f5es no nosso <a href=\"https:\/\/4gnews.pt\/redmagic-10-pro-review\/\" rel=\"nofollow noopener\" target=\"_blank\">review<\/a> sobre este smartphone.<\/p>\n<p><a href=\"https:\/\/tidd.ly\/4aeZp8v\" target=\"_blank\" rel=\"nofollow noreferrer noopener\"><img decoding=\"async\" alt=\"Redmagic 10 Pro\" height=\"601\" width=\"603\" class=\"lazyload\" src=\"https:\/\/www.europesays.com\/pt\/wp-content\/uploads\/2025\/12\/captura-de-ecra-2025-12-16-111957.jpg\" loading=\"lazy\"\/><\/a><\/p>\n<p class=\"inline-related-title\">Editores 4gnews recomendam:<\/p>\n","protected":false},"excerpt":{"rendered":"A Honor vai lan\u00e7ar uma nova s\u00e9rie de telem\u00f3veis chamada &#8220;Win&#8221; at\u00e9 ao final de 2025. Foto Honor&hellip;\n","protected":false},"author":2,"featured_media":190591,"comment_status":"","ping_status":"","sticky":false,"template":"","format":"standard","meta":{"footnotes":""},"categories":[84],"tags":[109,107,108,32,33,105,103,104,106,110],"class_list":{"0":"post-190590","1":"post","2":"type-post","3":"status-publish","4":"format-standard","5":"has-post-thumbnail","7":"category-ciencia-e-tecnologia","8":"tag-ciencia","9":"tag-ciencia-e-tecnologia","10":"tag-cienciaetecnologia","11":"tag-portugal","12":"tag-pt","13":"tag-science","14":"tag-science-and-technology","15":"tag-scienceandtechnology","16":"tag-technology","17":"tag-tecnologia"},"share_on_mastodon":{"url":"https:\/\/pubeurope.com\/@pt\/115729233798457082","error":""},"_links":{"self":[{"href":"https:\/\/www.europesays.com\/pt\/wp-json\/wp\/v2\/posts\/190590","targetHints":{"allow":["GET"]}}],"collection":[{"href":"https:\/\/www.europesays.com\/pt\/wp-json\/wp\/v2\/posts"}],"about":[{"href":"https:\/\/www.europesays.com\/pt\/wp-json\/wp\/v2\/types\/post"}],"author":[{"embeddable":true,"href":"https:\/\/www.europesays.com\/pt\/wp-json\/wp\/v2\/users\/2"}],"replies":[{"embeddable":true,"href":"https:\/\/www.europesays.com\/pt\/wp-json\/wp\/v2\/comments?post=190590"}],"version-history":[{"count":0,"href":"https:\/\/www.europesays.com\/pt\/wp-json\/wp\/v2\/posts\/190590\/revisions"}],"wp:featuredmedia":[{"embeddable":true,"href":"https:\/\/www.europesays.com\/pt\/wp-json\/wp\/v2\/media\/190591"}],"wp:attachment":[{"href":"https:\/\/www.europesays.com\/pt\/wp-json\/wp\/v2\/media?parent=190590"}],"wp:term":[{"taxonomy":"category","embeddable":true,"href":"https:\/\/www.europesays.com\/pt\/wp-json\/wp\/v2\/categories?post=190590"},{"taxonomy":"post_tag","embeddable":true,"href":"https:\/\/www.europesays.com\/pt\/wp-json\/wp\/v2\/tags?post=190590"}],"curies":[{"name":"wp","href":"https:\/\/api.w.org\/{rel}","templated":true}]}}