{"id":190594,"date":"2025-12-16T12:29:37","date_gmt":"2025-12-16T12:29:37","guid":{"rendered":"https:\/\/www.europesays.com\/pt\/190594\/"},"modified":"2025-12-16T12:29:37","modified_gmt":"2025-12-16T12:29:37","slug":"construcao-de-casas-a-precos-acessiveis-em-vila-do-conde-comeca-em-janeiro-jornal-de-noticias","status":"publish","type":"post","link":"https:\/\/www.europesays.com\/pt\/190594\/","title":{"rendered":"Constru\u00e7\u00e3o de casas a pre\u00e7os acess\u00edveis em Vila do Conde come\u00e7a em janeiro &#8211; Jornal de Not\u00edcias"},"content":{"rendered":"<ol>\n<li><a href=\"https:\/\/news.google.com\/rss\/articles\/CBMiswFBVV95cUxOQ3hScmh1OXFjcXpLMkNXUDc2bXNuZHRXUkJZMGlKMVFPRFQ5ZUU4R1V0bHpCaHpiZEVZdmJjN2tBNzVpbE40cFlkdWdQSEc2dUJZV3R5NnpBSlNONTdrUXU3aDh6R0YtbmNPY29Rdlphc1otZGl2RDJVZ0QxTFViTkcxTUE0by1LM0N4QUFQOENoMmVQdWpWUkVYZzd2VV9qYWpONzR5OENxZU5TajVOYnZMTQ?oc=5\" target=\"_blank\" rel=\"nofollow noopener\">Constru\u00e7\u00e3o de casas a pre\u00e7os acess\u00edveis em Vila do Conde come\u00e7a em janeiro<\/a>&nbsp;&nbsp;Jornal de Not\u00edcias<\/li>\n<li><a href=\"https:\/\/news.google.com\/rss\/articles\/CBMiiAJBVV95cUxNZjI0Rkd1Ump2Mzk0c200elR4OTNFbUJrODVqcEkzb1NERzJQZzltNDN5R2RQc2NtQ1Rpd0lMU25UUFhYcVpoWEM1TUlJaDcxVndoNTFWZlU5M3h6WVRud21RN1c5LTJoc3pfMllmaG03UjhGMUtiSUtpekJpbmZHdFQtQzNRSFRqUUkyeW9xTmNwVDREVXg3SnBMM2M5Rkw1cm11c252aUpNWTdrdDc2QW1qYzVpV2hkY1pLcVh6NlA5R21CZnRUOFZTeDJjWjJEZ3BBU2t0VWJ3ZjczYzVhWkk4eWlmeGhrQS13bUtIRmtnUlozcWk0OEp5ZmF1TlhlYWtwWEdRX3U?oc=5\" target=\"_blank\" rel=\"nofollow noopener\">Habita\u00e7\u00e3o a pre\u00e7os acess\u00edveis vai avan\u00e7ar em Vila do Conde com a constru\u00e7\u00e3o de 450 novos fogos<\/a>&nbsp;&nbsp;CM Vila do Conde<\/li>\n<li><a href=\"https:\/\/news.google.com\/rss\/articles\/CBMimwFBVV95cUxPNFh6ZmYtLVlpNjVtcHd1WFJ0VHhzMVFmYnBjNVhPQzF5YmU0X3NyYUJIMTdCcVl0YS1ES3lpcDBWOGMwM0U0ZU5nV3lPUUxIeEx5Z3VWNWJBTlItMjZPUzRwaTZvclRXUTQwUC1sX0lZcDlJUGtYVmR6R3gwVUphYnJZOVFJdVdZeFc1T0ltU1FidjBUSUFxRVlkVQ?oc=5\" target=\"_blank\" rel=\"nofollow noopener\">C\u00e2mara e Miseric\u00f3rdia acordam construir mais habita\u00e7\u00f5es<\/a>&nbsp;&nbsp;R\u00e1dio Onda Viva<\/li>\n<li><a href=\"https:\/\/news.google.com\/rss\/articles\/CBMioAFBVV95cUxOUGF6S05fTzVXWUdXNlZPSXR3NjVXYXlvcl9ERGNBVGg2VHdBNk1uR0I5Q01PVFIwbll1eWtTWUdqc1EydGtNYkdHLVNxWERlak9Yak5sTUpqdndMOGVKbHNEQVB1Uzltbi1BRDhobGQ5YUZIdUE0emRmSm1HZ1dPcFpHRllWbXQteHE0Ums5RUhieE9JNWFPczR2elQ0ZzVI?oc=5\" target=\"_blank\" rel=\"nofollow noopener\">C\u00e2mara refor\u00e7a aposta na habita\u00e7\u00e3o com novos fogos e renova\u00e7\u00e3o de bairros<\/a>&nbsp;&nbsp;MAIS\/Seman\u00e1rio<\/li>\n<li><a href=\"https:\/\/news.google.com\/rss\/articles\/CBMi4AFBVV95cUxOZnR0alcyQ3FYcGdjMUVqMk5PVHhITkY1bXdrVFpUUHF2WUM3VVRtV3VrMGVwSlhBMXVwNG1obnhpdDYxRWdCZWtselBpenI4azZ4YWZtUFFXZG5GdVFjZngtTFJhUy1RT3dvcFBRYTlNbTNPXzlLYzEwZVBLVzQ2Mk1FQzdxNXBiTXVNaHAtM19ya1I5VkFBQTBNdHRiV2dSNTlQUGQxenA3NFZJOFhIQ1pLNWVLZ0NUMHJfNzJBellTU3QwZ0U5Ukk1a3hXdGdhYmo2OFpoZHU2d1FIc2pNNg?oc=5\" target=\"_blank\" rel=\"nofollow noopener\">Vila do Conde refor\u00e7a resposta habitacional para jovens e fam\u00edlias da classe m\u00e9dia com 450 novas habita\u00e7\u00f5es<\/a>&nbsp;&nbsp;R\u00e1dio Metropolitana Porto<\/li>\n<\/ol>\n","protected":false},"excerpt":{"rendered":"Constru\u00e7\u00e3o de casas a pre\u00e7os acess\u00edveis em Vila do Conde come\u00e7a em janeiro&nbsp;&nbsp;Jornal de Not\u00edcias Habita\u00e7\u00e3o a pre\u00e7os&hellip;\n","protected":false},"author":2,"featured_media":190595,"comment_status":"","ping_status":"","sticky":false,"template":"","format":"standard","meta":{"footnotes":""},"categories":[10],"tags":[38356,27,28,362,21398,15,16,456,14,1228,25,26,21,22,12,13,19,20,32,23,24,33,17,18,29,30,31],"class_list":{"0":"post-190594","1":"post","2":"type-post","3":"status-publish","4":"format-standard","5":"has-post-thumbnail","7":"category-portugal","8":"tag-arrendamento-acessivel","9":"tag-breaking-news","10":"tag-breakingnews","11":"tag-casas","12":"tag-concelho-vila-do-conde","13":"tag-featured-news","14":"tag-featurednews","15":"tag-habitacao","16":"tag-headlines","17":"tag-imobiliario","18":"tag-latest-news","19":"tag-latestnews","20":"tag-main-news","21":"tag-mainnews","22":"tag-news","23":"tag-noticias","24":"tag-noticias-principais","25":"tag-noticiasprincipais","26":"tag-portugal","27":"tag-principais-noticias","28":"tag-principaisnoticias","29":"tag-pt","30":"tag-top-stories","31":"tag-topstories","32":"tag-ultimas","33":"tag-ultimas-noticias","34":"tag-ultimasnoticias"},"share_on_mastodon":{"url":"https:\/\/pubeurope.com\/@pt\/115729253244040574","error":""},"_links":{"self":[{"href":"https:\/\/www.europesays.com\/pt\/wp-json\/wp\/v2\/posts\/190594","targetHints":{"allow":["GET"]}}],"collection":[{"href":"https:\/\/www.europesays.com\/pt\/wp-json\/wp\/v2\/posts"}],"about":[{"href":"https:\/\/www.europesays.com\/pt\/wp-json\/wp\/v2\/types\/post"}],"author":[{"embeddable":true,"href":"https:\/\/www.europesays.com\/pt\/wp-json\/wp\/v2\/users\/2"}],"replies":[{"embeddable":true,"href":"https:\/\/www.europesays.com\/pt\/wp-json\/wp\/v2\/comments?post=190594"}],"version-history":[{"count":0,"href":"https:\/\/www.europesays.com\/pt\/wp-json\/wp\/v2\/posts\/190594\/revisions"}],"wp:featuredmedia":[{"embeddable":true,"href":"https:\/\/www.europesays.com\/pt\/wp-json\/wp\/v2\/media\/190595"}],"wp:attachment":[{"href":"https:\/\/www.europesays.com\/pt\/wp-json\/wp\/v2\/media?parent=190594"}],"wp:term":[{"taxonomy":"category","embeddable":true,"href":"https:\/\/www.europesays.com\/pt\/wp-json\/wp\/v2\/categories?post=190594"},{"taxonomy":"post_tag","embeddable":true,"href":"https:\/\/www.europesays.com\/pt\/wp-json\/wp\/v2\/tags?post=190594"}],"curies":[{"name":"wp","href":"https:\/\/api.w.org\/{rel}","templated":true}]}}