{"id":190608,"date":"2025-12-16T12:46:13","date_gmt":"2025-12-16T12:46:13","guid":{"rendered":"https:\/\/www.europesays.com\/pt\/190608\/"},"modified":"2025-12-16T12:46:13","modified_gmt":"2025-12-16T12:46:13","slug":"como-a-nova-linha-de-credito-para-obras-pode-ajudar-as-familias-a-pagarem-menos-eletricidade","status":"publish","type":"post","link":"https:\/\/www.europesays.com\/pt\/190608\/","title":{"rendered":"Como a nova linha de cr\u00e9dito para obras pode ajudar as fam\u00edlias a pagarem menos eletricidade"},"content":{"rendered":"<p>O Governo portugu\u00eas anunciou que, em 2026, vai lan\u00e7ar uma linha de cr\u00e9dito para que as fam\u00edlias possam fazer obras que melhorem efici\u00eancia energ\u00e9tica das suas casas. Resultando em casas mais quentes no inverno e mais frias no ver\u00e3o, a novidade pode ajudar as fam\u00edlias a poupar energia.<\/p>\n<p><a target=\"_blank\" href=\"https:\/\/pplware.sapo.pt\/wp-content\/uploads\/2025\/12\/fatura_eletricidade_luz.jpg\" onclick=\"refreshIframe()\" class=\"foobox\" rel=\"nofollow noopener\"><img fetchpriority=\"high\" decoding=\"async\" src=\"https:\/\/www.europesays.com\/pt\/wp-content\/uploads\/2025\/12\/fatura_eletricidade_luz-720x405.jpg\" alt=\"\" width=\"720\" height=\"405\" class=\"aligncenter size-medium wp-image-1093709\"  \/><\/a>\n<\/p>\n<p>Em 2026, programas como o <a target=\"_blank\" href=\"https:\/\/pplware.sapo.pt\/gadgets\/e-lar-candidaturas-vao-reabrir-amanha-sejam-dos-primeiros\/\" rel=\"nofollow noopener\">E-Lar<\/a> v\u00e3o passar a ser apenas para as fam\u00edlias carenciadas. Por isso, o Governo vai disponibilizar, para as restantes fam\u00edlias, uma linha de cr\u00e9dito para obras que tornem as casas mais quentes no inverno e mais frescas no ver\u00e3o.<\/p>\n<p>A partir de 2026, previsivelmente, podem pedir o empr\u00e9stimo as pessoas que vivem em casa pr\u00f3pria ou arrendada, os condom\u00ednios, cooperativas de habita\u00e7\u00e3o ou Institui\u00e7\u00f5es de Solidariedade Social. As empresas ficam de fora.<\/p>\n<p><a target=\"_blank\" href=\"https:\/\/pplware.sapo.pt\/wp-content\/uploads\/2025\/12\/isolamento_termico_eficiencia_energetica.jpg\" onclick=\"refreshIframe()\" class=\"foobox\" rel=\"nofollow noopener\"><img loading=\"lazy\" decoding=\"async\" src=\"https:\/\/www.europesays.com\/pt\/wp-content\/uploads\/2025\/12\/isolamento_termico_eficiencia_energetica-720x405.jpg\" alt=\"\" width=\"720\" height=\"405\" class=\"aligncenter size-medium wp-image-1093703\"  \/><\/a><\/p>\n<p>Casas mais quentes no inverno e mais frescas no ver\u00e3o<\/p>\n<p>Por ser um cr\u00e9dito, quem lhe recorrer ter\u00e1 de pagar cada c\u00eantimo que gastar. No entanto, segundo a ministra do Ambiente, \u00e0 TSF, as condi\u00e7\u00f5es destes cr\u00e9ditos ser\u00e3o mais vantajosas do que os empr\u00e9stimos da banca comercial. Ou seja, ter\u00e3o juros mais baixos.<\/p>\n<p>Esta nova linha de cr\u00e9dito ser\u00e1 gerida pelo Fundo Ambiental e pelo Banco de Fomento. Em princ\u00edpio, n\u00e3o ter\u00e1 prazo nem montante m\u00e1ximo definido e \u00e9 revisto a cada ano.<\/p>\n<p>A informa\u00e7\u00e3o avan\u00e7ada esclarece que as fam\u00edlias at\u00e9 ao quarto escal\u00e3o do IRS, ou seja, que ganhem at\u00e9 23.089 euros por ano, poder\u00e3o ser mais beneficiados com uma bonifica\u00e7\u00e3o nos juros.<\/p>\n<p>O dinheiro ter\u00e1 de ser obrigatoriamente utilizado para solu\u00e7\u00f5es bioclim\u00e1ticas, como janelas e isolamento de coberturas, ventila\u00e7\u00e3o, pain\u00e9is solares, bombas de calor ou dispositivos para o uso eficiente de \u00e1gua.<\/p>\n<p><a target=\"_blank\" href=\"https:\/\/pplware.sapo.pt\/wp-content\/uploads\/2025\/12\/casa_paineis_solares_telhado.jpg\" onclick=\"refreshIframe()\" class=\"foobox\" rel=\"nofollow noopener\"><img loading=\"lazy\" decoding=\"async\" src=\"https:\/\/www.europesays.com\/pt\/wp-content\/uploads\/2025\/12\/casa_paineis_solares_telhado-720x405.jpg\" alt=\"\" width=\"720\" height=\"405\" class=\"aligncenter size-medium wp-image-1093707\"  \/><\/a><\/p>\n<p>Pobreza energ\u00e9tica em Portugal<\/p>\n<p>No relat\u00f3rio mais recente sobre o Estado da Uni\u00e3o da Energia, em 2023, Portugal foi o Estado-membro da Uni\u00e3o Europeia com a percentagem mais elevada de pobreza energ\u00e9tica, de 20,8% e ao mesmo n\u00edvel de Espanha.<\/p>\n<p>Os dois pa\u00edses registavam, na altura, as percentagens mais elevadas de pessoas incapazes de manter a sua casa adequadamente aquecida.<\/p>\n<p>Entretanto, em 2025, no Eurobar\u00f3metro sobre comportamento relativamente \u00e0 energia, divulgado na sexta-feira, dia 12, a maioria dos portugueses inquiridos disse querer melhor prote\u00e7\u00e3o perante situa\u00e7\u00f5es de pobreza energ\u00e9tica, al\u00e9m de mais clareza nas faturas energ\u00e9ticas.<\/p>\n<p>Neste cen\u00e1rio, um cr\u00e9dito mais vantajoso pode ajudar as fam\u00edlias a tornar a sua casa mais energeticamente eficiente e, por conseguinte, contribuir para uma redu\u00e7\u00e3o da fatura de energia.<\/p>\n<p><a target=\"_blank\" href=\"https:\/\/pplware.sapo.pt\/wp-content\/uploads\/2025\/12\/eficiencia_energetica_aquecedor.jpg\" onclick=\"refreshIframe()\" class=\"foobox\" rel=\"nofollow noopener\"><img loading=\"lazy\" decoding=\"async\" src=\"https:\/\/www.europesays.com\/pt\/wp-content\/uploads\/2025\/12\/eficiencia_energetica_aquecedor-720x405.jpg\" alt=\"\" width=\"720\" height=\"405\" class=\"aligncenter size-medium wp-image-1093704\"  \/><\/a><\/p>\n<p>Como a nova linha de cr\u00e9dito pode ajudar as fam\u00edlias a poupar energia<\/p>\n<p>Uma casa energeticamente eficiente consome menos eletricidade, uma vez que reduz as perdas de energia e aproveita melhor os recursos dispon\u00edveis.<\/p>\n<p>Um bom isolamento t\u00e9rmico nas paredes, no telhado e nas janelas ajuda a manter a temperatura interior est\u00e1vel, diminuindo a necessidade de aquecimento no inverno e de ar condicionado no ver\u00e3o.<\/p>\n<p>Quanto menos tempo estes equipamentos estiverem ligados, menor ser\u00e1 o consumo el\u00e9trico ao longo do m\u00eas e menor ser\u00e1 o valor a pagar.<\/p>\n<p><a target=\"_blank\" href=\"https:\/\/pplware.sapo.pt\/wp-content\/uploads\/2025\/12\/eficiencia_energetica.jpg\" onclick=\"refreshIframe()\" class=\"foobox\" rel=\"nofollow noopener\"><img loading=\"lazy\" decoding=\"async\" src=\"https:\/\/www.europesays.com\/pt\/wp-content\/uploads\/2025\/12\/eficiencia_energetica-720x405.jpg\" alt=\"\" width=\"720\" height=\"405\" class=\"aligncenter size-medium wp-image-1093708\"  \/><\/a><\/p>\n<p>A efici\u00eancia passa, tamb\u00e9m, pelos equipamentos e sistemas usados no dia a dia. Eletrodom\u00e9sticos com melhor classifica\u00e7\u00e3o energ\u00e9tica, ilumina\u00e7\u00e3o LED e sistemas de climatiza\u00e7\u00e3o mais modernos consomem significativamente menos eletricidade para fazer o mesmo trabalho.<\/p>\n<p>Pequenas mudan\u00e7as, como substituir l\u00e2mpadas antigas ou usar term\u00f3statos program\u00e1veis, t\u00eam impacto direto na fatura.<\/p>\n<p>Uma casa eficiente facilita a integra\u00e7\u00e3o de solu\u00e7\u00f5es como pain\u00e9is solares ou sistemas de autoconsumo, que permitem produzir parte da eletricidade utilizada. Ao reduzir a depend\u00eancia da rede el\u00e9trica e ao consumir energia de forma mais inteligente, as fam\u00edlias conseguem poupar de forma consistente e proteger-se melhor contra subidas no pre\u00e7o da eletricidade.<\/p>\n","protected":false},"excerpt":{"rendered":"O Governo portugu\u00eas anunciou que, em 2026, vai lan\u00e7ar uma linha de cr\u00e9dito para que as fam\u00edlias possam&hellip;\n","protected":false},"author":2,"featured_media":190609,"comment_status":"","ping_status":"","sticky":false,"template":"","format":"standard","meta":{"footnotes":""},"categories":[83],"tags":[88,2395,89,13442,90,32,33],"class_list":{"0":"post-190608","1":"post","2":"type-post","3":"status-publish","4":"format-standard","5":"has-post-thumbnail","7":"category-empresas","8":"tag-business","9":"tag-credito","10":"tag-economy","11":"tag-eficiencia-energetica","12":"tag-empresas","13":"tag-portugal","14":"tag-pt"},"share_on_mastodon":{"url":"https:\/\/pubeurope.com\/@pt\/115729320531706005","error":""},"_links":{"self":[{"href":"https:\/\/www.europesays.com\/pt\/wp-json\/wp\/v2\/posts\/190608","targetHints":{"allow":["GET"]}}],"collection":[{"href":"https:\/\/www.europesays.com\/pt\/wp-json\/wp\/v2\/posts"}],"about":[{"href":"https:\/\/www.europesays.com\/pt\/wp-json\/wp\/v2\/types\/post"}],"author":[{"embeddable":true,"href":"https:\/\/www.europesays.com\/pt\/wp-json\/wp\/v2\/users\/2"}],"replies":[{"embeddable":true,"href":"https:\/\/www.europesays.com\/pt\/wp-json\/wp\/v2\/comments?post=190608"}],"version-history":[{"count":0,"href":"https:\/\/www.europesays.com\/pt\/wp-json\/wp\/v2\/posts\/190608\/revisions"}],"wp:featuredmedia":[{"embeddable":true,"href":"https:\/\/www.europesays.com\/pt\/wp-json\/wp\/v2\/media\/190609"}],"wp:attachment":[{"href":"https:\/\/www.europesays.com\/pt\/wp-json\/wp\/v2\/media?parent=190608"}],"wp:term":[{"taxonomy":"category","embeddable":true,"href":"https:\/\/www.europesays.com\/pt\/wp-json\/wp\/v2\/categories?post=190608"},{"taxonomy":"post_tag","embeddable":true,"href":"https:\/\/www.europesays.com\/pt\/wp-json\/wp\/v2\/tags?post=190608"}],"curies":[{"name":"wp","href":"https:\/\/api.w.org\/{rel}","templated":true}]}}