{"id":190615,"date":"2025-12-16T12:54:09","date_gmt":"2025-12-16T12:54:09","guid":{"rendered":"https:\/\/www.europesays.com\/pt\/190615\/"},"modified":"2025-12-16T12:54:09","modified_gmt":"2025-12-16T12:54:09","slug":"magia-nas-manhas-da-comercial-com-luis-de-matos-e-impossivel-ao-vivo-radio-comercial","status":"publish","type":"post","link":"https:\/\/www.europesays.com\/pt\/190615\/","title":{"rendered":"Magia nas Manh\u00e3s da Comercial, com Luis de Matos e Imposs\u00edvel Ao Vivo! &#8211; R\u00e1dio Comercial"},"content":{"rendered":"<ol>\n<li><a href=\"https:\/\/news.google.com\/rss\/articles\/CBMiowFBVV95cUxPU3ExYnU2dHdtcXVkTWVkUF90ZE5MSkVyMDFUSXRTQi1JOUdvTTV1RGx5VjVvcHBwdjg5RnhxVlQxQmQzaDhhNHZ1R2tzdDkyck9TUjBoVm9iemQxcF9DTU1nRGlLaHdhWXc5aVdBLWFlN3FjUUJTTUNtYkdLek1hWjNLejIzNld2S1dFTk15MjhqOWR3Y21rZ1NZY3o3MkVtWEtV?oc=5\" target=\"_blank\" rel=\"nofollow noopener\">Magia nas Manh\u00e3s da Comercial, com Luis de Matos e Imposs\u00edvel Ao Vivo!<\/a>&nbsp;&nbsp;R\u00e1dio Comercial<\/li>\n<li><a href=\"https:\/\/news.google.com\/rss\/articles\/CBMilAFBVV95cUxPWi16UEppMGItWC1LcERURVphOEI2SlhYbTV6WUpPTHRCSlJ3YTVXVXhzZjI0QVQzZ0FtWFNNejNkZ3dtb1RoWmhXMTU4YXNWdlFzRUFlRldDdXFyMml0bklzdWlkbk9TVDk5emtjSFJfc25GX2dzckowclpNeUN1QWVoZkZYdUZUeXI3dkV0TV9jWEJ1?oc=5\" target=\"_blank\" rel=\"nofollow noopener\">Lu\u00eds de Matos tem quatro novos truques na manga e perigo n\u00e3o falta<\/a>&nbsp;&nbsp;Di\u00e1rio de Not\u00edcias<\/li>\n<li><a href=\"https:\/\/news.google.com\/rss\/articles\/CBMi0AFBVV95cUxPdF95eVl4eDdmRkhmdFlvVUJlVVZKSnlOWEY2TGdwX2I3cEhUNjh1WGc5Rld1NGNjYUFMNHRhOWQxSUExdXFKOUdTNzM3T21JeGUxc3BzQ1ZPcjJpNFVvTUN3UWEzVnBlajNTWHM0c0tJb1c2d0toUy1iRVVXeUdiY3RreWxxTkx5WE9tVTBYOG5EY19VbWtfNlVCdTVuWFVSZUVpb3lTNF9mZjNHZ2M1SjRkeFl2UkhfbDdOc1k3Wm5CQkJ2eFNmVWJfU2FRTXIz?oc=5\" target=\"_blank\" rel=\"nofollow noopener\">Lu\u00eds De Matos Apresenta Nova Temporada De Imposs\u00edvel Ao Vivo Com Elenco Internacional De Luxo<\/a>&nbsp;&nbsp;CH Magazine<\/li>\n<li><a href=\"https:\/\/news.google.com\/rss\/articles\/CBMinwFBVV95cUxNZFg2RTBqWnBaYVF6dGFJS3VrMTFmeXBveExSUzBfMGExT1czZmY2Ukh2TFF6NVhNdjNjNHBtMklIdlRPMDhQbmNnRlFvMGlJd09DMU1wTHBkQnFjR3pZUHlvR1FRRVlwYkVWMUJrR3pXNkI2aTBuQ215VkJNc1BfYk9QMU1rVEZNdGpXcG1oOUxnV2dTRm9jZF9NUC1lTVk?oc=5\" target=\"_blank\" rel=\"nofollow noopener\">Lu\u00eds de Matos: &#8220;A transversalidade da magia resiste ao tempo&#8221;<\/a>&nbsp;&nbsp;cmjornal.pt<\/li>\n<\/ol>\n","protected":false},"excerpt":{"rendered":"Magia nas Manh\u00e3s da Comercial, com Luis de Matos e Imposs\u00edvel Ao Vivo!&nbsp;&nbsp;R\u00e1dio Comercial Lu\u00eds de Matos tem&hellip;\n","protected":false},"author":2,"featured_media":190616,"comment_status":"","ping_status":"","sticky":false,"template":"","format":"standard","meta":{"footnotes":""},"categories":[141],"tags":[2088,5591,1044,5592,315,114,115,3804,1856,715,149,150,13,803,32,5593,33,550,766,5590],"class_list":{"0":"post-190615","1":"post","2":"type-post","3":"status-publish","4":"format-standard","5":"has-post-thumbnail","7":"category-musica","8":"tag-audio","9":"tag-bauermedia","10":"tag-comunicacao","11":"tag-conteudos","12":"tag-cultura","13":"tag-entertainment","14":"tag-entretenimento","15":"tag-imprensa","16":"tag-informacao","17":"tag-media","18":"tag-music","19":"tag-musica","20":"tag-noticias","21":"tag-podcast","22":"tag-portugal","23":"tag-programas","24":"tag-pt","25":"tag-publicidade","26":"tag-radio","27":"tag-radio-comercial"},"share_on_mastodon":{"url":"https:\/\/pubeurope.com\/@pt\/115729351505564265","error":""},"_links":{"self":[{"href":"https:\/\/www.europesays.com\/pt\/wp-json\/wp\/v2\/posts\/190615","targetHints":{"allow":["GET"]}}],"collection":[{"href":"https:\/\/www.europesays.com\/pt\/wp-json\/wp\/v2\/posts"}],"about":[{"href":"https:\/\/www.europesays.com\/pt\/wp-json\/wp\/v2\/types\/post"}],"author":[{"embeddable":true,"href":"https:\/\/www.europesays.com\/pt\/wp-json\/wp\/v2\/users\/2"}],"replies":[{"embeddable":true,"href":"https:\/\/www.europesays.com\/pt\/wp-json\/wp\/v2\/comments?post=190615"}],"version-history":[{"count":0,"href":"https:\/\/www.europesays.com\/pt\/wp-json\/wp\/v2\/posts\/190615\/revisions"}],"wp:featuredmedia":[{"embeddable":true,"href":"https:\/\/www.europesays.com\/pt\/wp-json\/wp\/v2\/media\/190616"}],"wp:attachment":[{"href":"https:\/\/www.europesays.com\/pt\/wp-json\/wp\/v2\/media?parent=190615"}],"wp:term":[{"taxonomy":"category","embeddable":true,"href":"https:\/\/www.europesays.com\/pt\/wp-json\/wp\/v2\/categories?post=190615"},{"taxonomy":"post_tag","embeddable":true,"href":"https:\/\/www.europesays.com\/pt\/wp-json\/wp\/v2\/tags?post=190615"}],"curies":[{"name":"wp","href":"https:\/\/api.w.org\/{rel}","templated":true}]}}