{"id":190623,"date":"2025-12-16T13:00:22","date_gmt":"2025-12-16T13:00:22","guid":{"rendered":"https:\/\/www.europesays.com\/pt\/190623\/"},"modified":"2025-12-16T13:00:22","modified_gmt":"2025-12-16T13:00:22","slug":"comecou-a-producao-vem-ai-o-novo-all-new-nissan-leaf","status":"publish","type":"post","link":"https:\/\/www.europesays.com\/pt\/190623\/","title":{"rendered":"Come\u00e7ou a produ\u00e7\u00e3o! Vem a\u00ed o novo all-new Nissan LEAF"},"content":{"rendered":"<p>O Pplware est\u00e1 em Sunderland (Reino Unido), para celebrar um marco importante na hist\u00f3ria da Nissan: o in\u00edcio da produ\u00e7\u00e3o do novo Nissan LEAF. Conhe\u00e7a todas as novidades desta nova gera\u00e7\u00e3o.<\/p>\n<p><a target=\"_blank\" href=\"https:\/\/pplware.sapo.pt\/wp-content\/uploads\/2025\/12\/IMG_0674-1.jpg\" onclick=\"refreshIframe()\" class=\"foobox\" rel=\"nofollow noopener\"><img fetchpriority=\"high\" decoding=\"async\" src=\"https:\/\/www.europesays.com\/pt\/wp-content\/uploads\/2025\/12\/IMG_0674-1-720x405.jpg\" alt=\"Come\u00e7ou a produ\u00e7\u00e3o! Vem a\u00ed o novo all-new Nissan LEAF\" width=\"720\" height=\"405\" class=\"aligncenter wp-image-1093632 size-medium\"  \/><\/a><\/p>\n<p>Produzido em Sunderland h\u00e1 mais de uma d\u00e9cada, o LEAF foi um verdadeiro pioneiro da mobilidade el\u00e9trica de massas. O novo LEAF representa um investimento de cerca de 455 milh\u00f5es de euros nas opera\u00e7\u00f5es da Nissan no Reino Unido, refor\u00e7ando a transi\u00e7\u00e3o para os ve\u00edculos el\u00e9tricos.<\/p>\n<p>Este avan\u00e7o \u00e9 impulsionado pelo EV36Zero, o plano da Nissan para uma produ\u00e7\u00e3o mais sustent\u00e1vel e neutra em carbono.<\/p>\n<p>O novo Nissan LEAF representa uma evolu\u00e7\u00e3o significativa de um dos ve\u00edculos el\u00e9tricos mais ic\u00f3nicos do mundo.<\/p>\n<p>Esta nova gera\u00e7\u00e3o foi totalmente redesenhada, combinando maior autonomia, tecnologia avan\u00e7ada e um design mais moderno, refor\u00e7ando a aposta da Nissan na mobilidade el\u00e9trica.<\/p>\n<p>Design e Conceito<\/p>\n<ul>\n<li>Visual renovado, com linhas mais aerodin\u00e2micas e um estilo pr\u00f3ximo de um crossover\/fastback.<\/li>\n<li>Interior mais silencioso e sofisticado, pensado para oferecer conforto e uma experi\u00eancia de condu\u00e7\u00e3o moderna.<\/li>\n<li>Melhor efici\u00eancia aerodin\u00e2mica, contribuindo para maior autonomia.<\/li>\n<\/ul>\n<dl class=\"gallery-item\">\n<dt class=\"gallery-icon landscape\">\n\t\t\t\t<a data-attachment-id=\"1093635\" href=\"https:\/\/pplware.sapo.pt\/motores\/comecou-a-producao-vem-ai-o-novo-all-new-nissan-leaf\/attachment\/leaf_2-3\/\" rel=\"nofollow noopener\" target=\"_blank\"><img loading=\"lazy\" decoding=\"async\" width=\"2220\" height=\"1248\" src=\"https:\/\/www.europesays.com\/pt\/wp-content\/uploads\/2025\/12\/leaf_2.jpg\" class=\"attachment-full size-full\" alt=\"\"  \/><\/a>\n\t\t\t<\/dt>\n<\/dl>\n<dl class=\"gallery-item\">\n<dt class=\"gallery-icon landscape\">\n\t\t\t\t<a data-attachment-id=\"1093636\" href=\"https:\/\/pplware.sapo.pt\/motores\/comecou-a-producao-vem-ai-o-novo-all-new-nissan-leaf\/attachment\/leaf_3\/\" rel=\"nofollow noopener\" target=\"_blank\"><img loading=\"lazy\" decoding=\"async\" width=\"2220\" height=\"1248\" src=\"https:\/\/www.europesays.com\/pt\/wp-content\/uploads\/2025\/12\/Leaf_3.jpg\" class=\"attachment-full size-full\" alt=\"\"  \/><\/a>\n\t\t\t<\/dt>\n<\/dl>\n<p><br style=\"clear: both\"\/><\/p>\n<p>Bateria e Motor<\/p>\n<p>O novo LEAF est\u00e1 dispon\u00edvel com duas op\u00e7\u00f5es de bateria:<\/p>\n<ul>\n<li>52 kWh \u2013 autonomia aproximada at\u00e9 435 km (WLTP)<\/li>\n<li>75 kWh \u2013 autonomia at\u00e9 cerca de 600 km (WLTP)<\/li>\n<\/ul>\n<p>Ao n\u00edvel do motor el\u00e9trico, a pot\u00eancia \u00e9 de 174 cv (\u2248130 kW) na vers\u00e3o standard e 215 cv (\u2248160 kW) na vers\u00e3o de maior desempenho. O bin\u00e1rio \u00e9 de 355 Nm. Dos 0\u2013100 km\/h demora 7,6 segundos na vers\u00e3o mais poderosa.<\/p>\n<dl class=\"gallery-item\">\n<dt class=\"gallery-icon landscape\">\n\t\t\t\t<a data-attachment-id=\"1093640\" href=\"https:\/\/pplware.sapo.pt\/motores\/comecou-a-producao-vem-ai-o-novo-all-new-nissan-leaf\/attachment\/leaf_4-2\/\" rel=\"nofollow noopener\" target=\"_blank\"><img loading=\"lazy\" decoding=\"async\" width=\"720\" height=\"405\" src=\"https:\/\/www.europesays.com\/pt\/wp-content\/uploads\/2025\/12\/leaf_4-2-1024x576.jpg\" class=\"attachment-large size-large\" alt=\"\"  \/><\/a>\n\t\t\t<\/dt>\n<\/dl>\n<dl class=\"gallery-item\">\n<dt class=\"gallery-icon landscape\">\n\t\t\t\t<a data-attachment-id=\"1093646\" href=\"https:\/\/pplware.sapo.pt\/motores\/comecou-a-producao-vem-ai-o-novo-all-new-nissan-leaf\/attachment\/leaf_10\/\" rel=\"nofollow noopener\" target=\"_blank\"><img loading=\"lazy\" decoding=\"async\" width=\"720\" height=\"405\" src=\"https:\/\/www.europesays.com\/pt\/wp-content\/uploads\/2025\/12\/leaf_10-1024x576.jpg\" class=\"attachment-large size-large\" alt=\"\"  \/><\/a>\n\t\t\t<\/dt>\n<\/dl>\n<p><br style=\"clear: both\"\/><\/p>\n<p>Total Thermal Management<\/p>\n<p>Ao contr\u00e1rio das gera\u00e7\u00f5es anteriores do LEAF, que utilizavam apenas arrefecimento passivo a ar (o que limitava o carregamento r\u00e1pido em condi\u00e7\u00f5es quentes), o novo modelo com a bateria de 75 kWh utiliza um sistema ativo de Gest\u00e3o T\u00e9rmica da Bateria com Arrefecimento L\u00edquido (Liquid-Cooled).<\/p>\n<p>Este sistema gere, de forma integrada, a bateria, o motor el\u00e9trico, o sistema de carregamento e o habit\u00e1culo, garantindo que todos funcionam na temperatura ideal. Esta tecnologia contribui para tornar o novo Nissan LEAF um ve\u00edculo eficiente, preparado para o uso di\u00e1rio e para viagens de longa dist\u00e2ncia.<\/p>\n<p>O novo Nissan LEAF utiliza o calor residual gerado pelo motor el\u00e9trico e outros componentes para ajudar a gerir e, em certas condi\u00e7\u00f5es, a aquecer a bateria, o que \u00e9 crucial para otimizar o carregamento e a efici\u00eancia.<\/p>\n<p><a target=\"_blank\" href=\"https:\/\/pplware.sapo.pt\/wp-content\/uploads\/2025\/12\/leaf_5.jpg\" onclick=\"refreshIframe()\" class=\"foobox\" rel=\"nofollow noopener\"><img loading=\"lazy\" decoding=\"async\" src=\"https:\/\/www.europesays.com\/pt\/wp-content\/uploads\/2025\/12\/leaf_5-720x405.jpg\" alt=\"Come\u00e7ou a produ\u00e7\u00e3o! Vem a\u00ed o novo all-new Nissan LEAF\" width=\"720\" height=\"405\" class=\"aligncenter wp-image-1093641 size-medium\"  \/><\/a><\/p>\n<p>V2L &amp; V2G<\/p>\n<p>O novo Nissan LEAF incorpora tecnologias energ\u00e9ticas avan\u00e7adas que refor\u00e7am o seu papel para al\u00e9m da mobilidade el\u00e9trica: V2L (Vehicle-to-Load) e V2G (Vehicle-to-Grid).\u00a0 A tecnologia V2L permite utilizar a bateria do Nissan LEAF como fonte de energia para dispositivos externos. O V2G permite que o Nissan LEAF devolva energia \u00e0 rede el\u00e9trica, quando ligado a um sistema compat\u00edvel.<\/p>\n<p><a target=\"_blank\" href=\"https:\/\/pplware.sapo.pt\/wp-content\/uploads\/2025\/12\/leaf_6.jpg\" onclick=\"refreshIframe()\" class=\"foobox\" rel=\"nofollow noopener\"><img loading=\"lazy\" decoding=\"async\" src=\"https:\/\/www.europesays.com\/pt\/wp-content\/uploads\/2025\/12\/leaf_6-720x405.jpg\" alt=\"\" width=\"720\" height=\"405\" class=\"aligncenter size-medium wp-image-1093642\"  \/><\/a><\/p>\n<p>O interior foi renovado com<strong> duplos ecr\u00e3s de at\u00e9 14,3 polegadas<\/strong> e <strong>integra\u00e7\u00e3o nativa com o Google built-in<\/strong> (incluindo Google Maps para planeamento de rotas e Google Assistant).<\/p>\n<p>Ao n\u00edvel do sistema \u00e1udio, o novo LEAF est\u00e1 dispon\u00edvel com o sistema Bose Personal Plus Sound System. Este sistema \u00e9 composto por 10 altifalantes (speakers). O grande destaque do sistema Bose Personal Plus s\u00e3o os altifalantes integrados no encosto de cabe\u00e7a do condutor (e\/ou passageiro).<\/p>\n<p><a target=\"_blank\" href=\"https:\/\/pplware.sapo.pt\/wp-content\/uploads\/2025\/12\/leaf_7.jpg\" onclick=\"refreshIframe()\" class=\"foobox\" rel=\"nofollow noopener\"><img loading=\"lazy\" decoding=\"async\" src=\"https:\/\/www.europesays.com\/pt\/wp-content\/uploads\/2025\/12\/leaf_7-720x405.jpg\" alt=\"\" width=\"720\" height=\"405\" class=\"aligncenter size-medium wp-image-1093643\"  \/><\/a><\/p>\n<p>Condu\u00e7\u00e3o Segura e sem Stress<\/p>\n<ul>\n<li><strong>e-Pedal Step<\/strong>\n<ul>\n<li>Para arrancar, abrandar e parar utilizando apenas o pedal do acelerador.<\/li>\n<\/ul>\n<\/li>\n<li><strong>ProPILOT Assist com Navi-link<\/strong>\n<ul>\n<li>Com ProPILOT e ligado ao sistema de navega\u00e7\u00e3o, o modo cruise control adapta a velocidade definida de acordo com os limites de velocidade e as condi\u00e7\u00f5es de tr\u00e2nsito em tempo real.<\/li>\n<\/ul>\n<\/li>\n<li><strong>Monitor de Vis\u00e3o 360\u00ba 3D<\/strong>\n<ul>\n<li>Uma vista 3D para identificar quaisquer perigos n\u00e3o vis\u00edveis a partir de 8 pontos de vista.<\/li>\n<\/ul>\n<\/li>\n<\/ul>\n<p><a target=\"_blank\" href=\"https:\/\/pplware.sapo.pt\/wp-content\/uploads\/2025\/12\/leaf_8.jpg\" onclick=\"refreshIframe()\" class=\"foobox\" rel=\"nofollow noopener\"><img loading=\"lazy\" decoding=\"async\" src=\"https:\/\/www.europesays.com\/pt\/wp-content\/uploads\/2025\/12\/leaf_8-720x405.jpg\" alt=\"\" width=\"720\" height=\"405\" class=\"aligncenter size-medium wp-image-1093644\"  \/><\/a><\/p>\n<p>A vers\u00e3o 2026 do Nissan Leaf traz tamb\u00e9m uma tecnologia de teto que \u00e9 uma novidade. Trata-se de um teto panor\u00e2mico com escurecimento eletrocr\u00f3mico (ou Inteligente). O teto panor\u00e2mico opcional do novo LEAF utiliza a tecnologia eletrocr\u00f3mica (ou PDLC &#8211; Polymer Dispersed Liquid Crystal).<\/p>\n<p><a target=\"_blank\" href=\"https:\/\/pplware.sapo.pt\/wp-content\/uploads\/2025\/12\/leaf_21.jpg\" onclick=\"refreshIframe()\" class=\"foobox\" rel=\"nofollow noopener\"><img loading=\"lazy\" decoding=\"async\" src=\"https:\/\/www.europesays.com\/pt\/wp-content\/uploads\/2025\/12\/leaf_21-720x405.jpg\" alt=\"\" width=\"720\" height=\"405\" class=\"aligncenter size-medium wp-image-1093658\"  \/><\/a><\/p>\n<p>O Novo Nissan LEAF est\u00e1 agendado para chegar ao mercado portugu\u00eas no in\u00edcio do segundo trimestre de 2026. O pre\u00e7o para Portugal ainda n\u00e3o foi oficialmente divulgado. Como refer\u00eancia, na Alemanha, os pre\u00e7os rondam os \u20ac37.000 para a vers\u00e3o base, e nos \u20ac42.000 para a vers\u00e3o de longo alcance.<\/p>\n","protected":false},"excerpt":{"rendered":"O Pplware est\u00e1 em Sunderland (Reino Unido), para celebrar um marco importante na hist\u00f3ria da Nissan: o in\u00edcio&hellip;\n","protected":false},"author":2,"featured_media":190624,"comment_status":"","ping_status":"","sticky":false,"template":"","format":"standard","meta":{"footnotes":""},"categories":[83],"tags":[88,89,90,18213,32,33],"class_list":{"0":"post-190623","1":"post","2":"type-post","3":"status-publish","4":"format-standard","5":"has-post-thumbnail","7":"category-empresas","8":"tag-business","9":"tag-economy","10":"tag-empresas","11":"tag-leaf","12":"tag-portugal","13":"tag-pt"},"share_on_mastodon":{"url":"https:\/\/pubeurope.com\/@pt\/115729375332916515","error":""},"_links":{"self":[{"href":"https:\/\/www.europesays.com\/pt\/wp-json\/wp\/v2\/posts\/190623","targetHints":{"allow":["GET"]}}],"collection":[{"href":"https:\/\/www.europesays.com\/pt\/wp-json\/wp\/v2\/posts"}],"about":[{"href":"https:\/\/www.europesays.com\/pt\/wp-json\/wp\/v2\/types\/post"}],"author":[{"embeddable":true,"href":"https:\/\/www.europesays.com\/pt\/wp-json\/wp\/v2\/users\/2"}],"replies":[{"embeddable":true,"href":"https:\/\/www.europesays.com\/pt\/wp-json\/wp\/v2\/comments?post=190623"}],"version-history":[{"count":0,"href":"https:\/\/www.europesays.com\/pt\/wp-json\/wp\/v2\/posts\/190623\/revisions"}],"wp:featuredmedia":[{"embeddable":true,"href":"https:\/\/www.europesays.com\/pt\/wp-json\/wp\/v2\/media\/190624"}],"wp:attachment":[{"href":"https:\/\/www.europesays.com\/pt\/wp-json\/wp\/v2\/media?parent=190623"}],"wp:term":[{"taxonomy":"category","embeddable":true,"href":"https:\/\/www.europesays.com\/pt\/wp-json\/wp\/v2\/categories?post=190623"},{"taxonomy":"post_tag","embeddable":true,"href":"https:\/\/www.europesays.com\/pt\/wp-json\/wp\/v2\/tags?post=190623"}],"curies":[{"name":"wp","href":"https:\/\/api.w.org\/{rel}","templated":true}]}}