{"id":190636,"date":"2025-12-16T13:13:12","date_gmt":"2025-12-16T13:13:12","guid":{"rendered":"https:\/\/www.europesays.com\/pt\/190636\/"},"modified":"2025-12-16T13:13:12","modified_gmt":"2025-12-16T13:13:12","slug":"honor-magic-8-pro-revelado-preco-na-europa-que-vai-pesar-na-carteira","status":"publish","type":"post","link":"https:\/\/www.europesays.com\/pt\/190636\/","title":{"rendered":"Honor Magic 8 Pro: revelado pre\u00e7o na Europa que vai pesar na carteira"},"content":{"rendered":"<p class=\"leading\">\n                Espera-se que a Honor comece o pr\u00f3ximo ano com o lan\u00e7amento na Europa do topo de gama Magic 8 Pro. Agora foram revelados os pre\u00e7os do modelo e o melhor \u00e9 come\u00e7ares a preparar a carteira.            <\/p>\n<p>        <img decoding=\"async\" alt=\"Cartaz de apresenta\u00e7\u00e3o do Honor Magic 8 Pro\" height=\"900\" src=\"https:\/\/www.europesays.com\/pt\/wp-content\/uploads\/2025\/12\/cartaz-apresentacao-honor-magic-8-pro-designer-credito-honor.jpg\" width=\"1600\" fetchpriority=\"high\"\/><br \/>\nCartaz de apresenta\u00e7\u00e3o do Honor Magic 8 Pro Cr\u00e9dito@Honor<\/p>\n<p><a href=\"https:\/\/t.me\/descontos4gnews\" rel=\"nofollow\" class=\"banner-deals mb20 banner-deals-rotation banner-deals-rotation--telegram\"><\/p>\n<p>        Entra no nosso canal Telegram<br \/>e recebe as melhores ofertas<\/p>\n<p>        ENTRAR\n    <\/p>\n<p><\/a><br \/>\nPre\u00e7os come\u00e7am acima dos 1.000 \u20ac<\/p>\n<p>No passado m\u00eas de outubro, a Honor lan\u00e7ou a sua <a href=\"https:\/\/4gnews.pt\/honor-magic-8-e-magic-8-pro-chegam-com-baterias-gigantes-e-ia-em-destaque\/\" rel=\"nofollow noopener\" target=\"_blank\">nova s\u00e9rie Magic 8<\/a> no mercado chin\u00eas. Agora est\u00e1 a preparar o lan\u00e7amento global desta mesma s\u00e9rie para o in\u00edcio de 2026. Agora, o <a href=\"https:\/\/x.com\/RODENT950\/status\/1999804625432543727?s=20\" rel=\"nofollow\">leaker Rodent950<\/a> revelou, na rede social X, os pre\u00e7os que o modelo mais avan\u00e7ado Magic 8 Pro vai ter no mercado europeu.<\/p>\n<p>De acordo com o leaker o topo de gama ter\u00e1 pre\u00e7os entre os 1.199 \u20ac e 1.299 \u20ac. Infelizmente, devido \u00e0 pouca informa\u00e7\u00e3o divulgada fica por esclarece se estes pre\u00e7os distintos se referem \u00e0s capacidades de armazenamento e mem\u00f3ria RAM dispon\u00edveis ou se o custo vai variar de pa\u00eds para pa\u00eds.<\/p>\n<p>Recorde-se que na \u00c1sia, o Honor Magic 8 Pro est\u00e1 dispon\u00edvel em duas configura\u00e7\u00f5es: uma com 12 GB de RAM e 512 GB de capacidade no armazenamento interno, outra com 16 GB de RAM e 1 TB no armazenamento.<\/p>\n<p>Uma diferen\u00e7a entre a variante global e chinesa<\/p>\n<p>\u00c9 esperado que o Honor Magic 8 Pro, na sua variante global, tenha um atributo diferente do seu cong\u00e9nere chin\u00eas. O modelo vai chegar \u00e0 Europa com uma bateria de 7.100 mAh com suporte para carregamento r\u00e1pido de 100 watts e sem fios de 80 watts.<\/p>\n<p>Na China, o mesmo terminal est\u00e1 equipado com uma bateria maior com 7.200 mAh e com carregamento r\u00e1pido mais c\u00e9lere de 120 watts. O carregamento sem fios de 80 watts \u00e9 igual.<\/p>\n<p>De resto, \u00e9 esperado que tenha as mesmas especifica\u00e7\u00f5es dispon\u00edveis no mercado chin\u00eas. Com certifica\u00e7\u00f5es IP68, IP69 e IP69K, o Honor Magic 8 Pro \u00e9 alimentado pelo processador Snapdragon 8 Elite Gen 5 e est\u00e1 equipado com um ecr\u00e3 de 6,71 polegadas com resolu\u00e7\u00e3o 1,5K, taxa de atualiza\u00e7\u00e3o de 120 Hz e um brilho m\u00e1ximo de 6.000 nits.<\/p>\n<p>Para a fotografia, o Magic 8 Pro conta com um sensor prim\u00e1rio de 50 megapix\u00e9is, um ultra grande angular com a mesma resolu\u00e7\u00e3o e ainda um sensor telefoto perisc\u00f3pio com generosos 200 megapix\u00e9is e zoom \u00f3tico de 3,7x.<\/p>\n<p>Em alternativa<\/p>\n<p><a href=\"https:\/\/amzn.to\/4aPRNJF\" target=\"_blank\" rel=\"nofollow noreferrer noopener\"><img decoding=\"async\" alt=\"Honor Magic7 Pro\" height=\"488\" width=\"650\" class=\"lazyload\" src=\"https:\/\/www.europesays.com\/pt\/wp-content\/uploads\/2025\/10\/honor-magic7-pro-41oyjocb9-l-sl500.jpg\" loading=\"lazy\"\/><\/a><\/p>\n<p><a class=\"affiliate-title\" href=\"https:\/\/amzn.to\/4aPRNJF\" target=\"_blank\" rel=\"nofollow noreferrer noopener\">Honor Magic7 Pro<\/a>c\u00e2mara 200 MP com zoom 100x, resistente IP68\/IP69, 12 GB RAM, bateria 5270 mAh<\/p>\n<p>Stock Limitado<\/p>\n<p class=\"inline-related-title\">Editores 4gnews recomendam:<\/p>\n","protected":false},"excerpt":{"rendered":"Espera-se que a Honor comece o pr\u00f3ximo ano com o lan\u00e7amento na Europa do topo de gama Magic&hellip;\n","protected":false},"author":2,"featured_media":190637,"comment_status":"","ping_status":"","sticky":false,"template":"","format":"standard","meta":{"footnotes":""},"categories":[84],"tags":[109,107,108,32,33,105,103,104,106,110],"class_list":{"0":"post-190636","1":"post","2":"type-post","3":"status-publish","4":"format-standard","5":"has-post-thumbnail","7":"category-ciencia-e-tecnologia","8":"tag-ciencia","9":"tag-ciencia-e-tecnologia","10":"tag-cienciaetecnologia","11":"tag-portugal","12":"tag-pt","13":"tag-science","14":"tag-science-and-technology","15":"tag-scienceandtechnology","16":"tag-technology","17":"tag-tecnologia"},"share_on_mastodon":{"url":"https:\/\/pubeurope.com\/@pt\/115729426772216054","error":""},"_links":{"self":[{"href":"https:\/\/www.europesays.com\/pt\/wp-json\/wp\/v2\/posts\/190636","targetHints":{"allow":["GET"]}}],"collection":[{"href":"https:\/\/www.europesays.com\/pt\/wp-json\/wp\/v2\/posts"}],"about":[{"href":"https:\/\/www.europesays.com\/pt\/wp-json\/wp\/v2\/types\/post"}],"author":[{"embeddable":true,"href":"https:\/\/www.europesays.com\/pt\/wp-json\/wp\/v2\/users\/2"}],"replies":[{"embeddable":true,"href":"https:\/\/www.europesays.com\/pt\/wp-json\/wp\/v2\/comments?post=190636"}],"version-history":[{"count":0,"href":"https:\/\/www.europesays.com\/pt\/wp-json\/wp\/v2\/posts\/190636\/revisions"}],"wp:featuredmedia":[{"embeddable":true,"href":"https:\/\/www.europesays.com\/pt\/wp-json\/wp\/v2\/media\/190637"}],"wp:attachment":[{"href":"https:\/\/www.europesays.com\/pt\/wp-json\/wp\/v2\/media?parent=190636"}],"wp:term":[{"taxonomy":"category","embeddable":true,"href":"https:\/\/www.europesays.com\/pt\/wp-json\/wp\/v2\/categories?post=190636"},{"taxonomy":"post_tag","embeddable":true,"href":"https:\/\/www.europesays.com\/pt\/wp-json\/wp\/v2\/tags?post=190636"}],"curies":[{"name":"wp","href":"https:\/\/api.w.org\/{rel}","templated":true}]}}