{"id":190676,"date":"2025-12-16T13:54:09","date_gmt":"2025-12-16T13:54:09","guid":{"rendered":"https:\/\/www.europesays.com\/pt\/190676\/"},"modified":"2025-12-16T13:54:09","modified_gmt":"2025-12-16T13:54:09","slug":"homem-aranha-4-tera-iconico-grupo-de-viloes-do-demolidor-segundo-atualizacao","status":"publish","type":"post","link":"https:\/\/www.europesays.com\/pt\/190676\/","title":{"rendered":"Homem-Aranha 4 ter\u00e1 ic\u00f4nico grupo de vil\u00f5es do Demolidor, segundo atualiza\u00e7\u00e3o"},"content":{"rendered":"<p class=\"wp-block-yoast-seo-estimated-reading-time yoast-reading-time__wrapper\">Estimated reading time: 2 minutos<\/p>\n<p>Embora j\u00e1 tenha sido dito que o <a href=\"https:\/\/ovicio.com.br\/tag\/demolidor\" target=\"_blank\" rel=\"noreferrer noopener nofollow\">Demolidor<\/a> (<strong>Charlie Cox<\/strong>) n\u00e3o participar\u00e1 de <a href=\"https:\/\/ovicio.com.br\/tag\/homem-aranha-4\" target=\"_blank\" rel=\"noreferrer noopener nofollow\">Homem-Aranha 4 (2026)<\/a>, um ic\u00f4nico grupo de vil\u00f5es do Dem\u00f4nio de Hell&#8217;s Kitchen, aparentemente, ter\u00e1 influ\u00eancia direta na nova trama do Amig\u00e3o da Vizinhan\u00e7a.<\/p>\n<p>Ap\u00f3s noticiar que o personagem de <a href=\"https:\/\/ovicio.com.br\/tag\/tom-holland\" target=\"_blank\" rel=\"noreferrer noopener nofollow\">Tom Holland<\/a> enfrentaria um misterioso ex\u00e9rcito de ninjas em seu pr\u00f3ximo filme, o insider Daniel RPK est\u00e1 informando que os assassinos far\u00e3o parte do <strong>Tent\u00e1culo<\/strong>.<\/p>\n<p><strong>&#8220;H\u00e1 algum tempo, mencionei que filmaram uma cena de a\u00e7\u00e3o com o Homem-Aranha lutando contra um ex\u00e9rcito de ninjas. Come\u00e7aram as especula\u00e7\u00f5es online sobre quem seriam esses ninjas, e agora posso confirmar que s\u00e3o de fato membros do Tent\u00e1culo. E n\u00e3o s\u00f3 por isso, como s\u00e3o fi\u00e9is aos quadrinhos, com seus uniformes vermelhos.&#8221;<\/strong><\/p>\n<p><img fetchpriority=\"high\" decoding=\"async\" width=\"1024\" height=\"576\" src=\"https:\/\/www.europesays.com\/pt\/wp-content\/uploads\/2025\/12\/20251216-o-tentaculo-da-marvel-1024x576.webp.webp\" alt=\"O Tent\u00e1culo, da Marvel\" class=\"lazyload wp-image-874920\"  data-\/><\/p>\n<p>A ordem m\u00edstica conhecida por rivalizar, principalmente, com o <strong>Demolidor<\/strong>, \u00e9 conhecida por seu forte envolvimento com o ocultismo e magia negra, e servem <strong>A Besta<\/strong>, uma poderosa entidade demon\u00edaca.<\/p>\n<p>O grupo chegou a aparecer anteriormente em outras releituras da casa de ideias, como na pr\u00f3pria s\u00e9rie da <a href=\"https:\/\/ovicio.com.br\/tag\/netflix\" target=\"_blank\" rel=\"noreferrer noopener nofollow\">Netflix<\/a> do super-her\u00f3i de <strong>Charlie Cox<\/strong>.<\/p>\n<p>Enquanto isso, <strong>Homem-Aranha: Um Novo Dia<\/strong> segue atualmente em p\u00f3s-produ\u00e7\u00e3o, ap\u00f3s a conclus\u00e3o de suas filmagens neste m\u00eas de dezembro.<\/p>\n<p>A dire\u00e7\u00e3o fica por conta de <strong>Destin Daniel Cretton<\/strong>, enquanto o lan\u00e7amento est\u00e1 agendado para <strong>31 de julho de 2026<\/strong> nos cinemas.<\/p>\n<p>Leia mais sobre Homem-Aranha e o Demolidor:<\/p>\n<p><strong>Fonte: <\/strong><a href=\"https:\/\/thedirect.com\/article\/spider-man-brand-new-day-fight-netflix-daredevil-villain\" target=\"_blank\" rel=\"noreferrer noopener nofollow\">The Direct<\/a>.<\/p>\n","protected":false},"excerpt":{"rendered":"Estimated reading time: 2 minutos Embora j\u00e1 tenha sido dito que o Demolidor (Charlie Cox) n\u00e3o participar\u00e1 de&hellip;\n","protected":false},"author":2,"featured_media":190677,"comment_status":"","ping_status":"","sticky":false,"template":"","format":"standard","meta":{"footnotes":""},"categories":[140],"tags":[22908,114,115,147,148,10304,10305,12733,146,38365,32,33,6705],"class_list":{"0":"post-190676","1":"post","2":"type-post","3":"status-publish","4":"format-standard","5":"has-post-thumbnail","7":"category-filmes","8":"tag-demolidor","9":"tag-entertainment","10":"tag-entretenimento","11":"tag-film","12":"tag-filmes","13":"tag-homem-aranha-4","14":"tag-homem-aranha-um-novo-dia","15":"tag-marvel-studios","16":"tag-movies","17":"tag-o-tentaculo","18":"tag-portugal","19":"tag-pt","20":"tag-tom-holland"},"share_on_mastodon":{"url":"https:\/\/pubeurope.com\/@pt\/115729587803127582","error":""},"_links":{"self":[{"href":"https:\/\/www.europesays.com\/pt\/wp-json\/wp\/v2\/posts\/190676","targetHints":{"allow":["GET"]}}],"collection":[{"href":"https:\/\/www.europesays.com\/pt\/wp-json\/wp\/v2\/posts"}],"about":[{"href":"https:\/\/www.europesays.com\/pt\/wp-json\/wp\/v2\/types\/post"}],"author":[{"embeddable":true,"href":"https:\/\/www.europesays.com\/pt\/wp-json\/wp\/v2\/users\/2"}],"replies":[{"embeddable":true,"href":"https:\/\/www.europesays.com\/pt\/wp-json\/wp\/v2\/comments?post=190676"}],"version-history":[{"count":0,"href":"https:\/\/www.europesays.com\/pt\/wp-json\/wp\/v2\/posts\/190676\/revisions"}],"wp:featuredmedia":[{"embeddable":true,"href":"https:\/\/www.europesays.com\/pt\/wp-json\/wp\/v2\/media\/190677"}],"wp:attachment":[{"href":"https:\/\/www.europesays.com\/pt\/wp-json\/wp\/v2\/media?parent=190676"}],"wp:term":[{"taxonomy":"category","embeddable":true,"href":"https:\/\/www.europesays.com\/pt\/wp-json\/wp\/v2\/categories?post=190676"},{"taxonomy":"post_tag","embeddable":true,"href":"https:\/\/www.europesays.com\/pt\/wp-json\/wp\/v2\/tags?post=190676"}],"curies":[{"name":"wp","href":"https:\/\/api.w.org\/{rel}","templated":true}]}}