{"id":190698,"date":"2025-12-16T14:14:09","date_gmt":"2025-12-16T14:14:09","guid":{"rendered":"https:\/\/www.europesays.com\/pt\/190698\/"},"modified":"2025-12-16T14:14:09","modified_gmt":"2025-12-16T14:14:09","slug":"chuva-de-meteoros-ilumina-o-ceu-do-parque-nacional-do-iguacu","status":"publish","type":"post","link":"https:\/\/www.europesays.com\/pt\/190698\/","title":{"rendered":"Chuva de meteoros ilumina o c\u00e9u do Parque Nacional do Igua\u00e7u"},"content":{"rendered":"<p>Na madrugada do \u00faltimo domingo (14), um espet\u00e1culo raro e encantador iluminou o c\u00e9u do Parque Nacional do Igua\u00e7u. Uma chuva de meteoros transformou as Cataratas do Igua\u00e7u em cen\u00e1rio de um verdadeiro show de estrelas cadentes sobre a paisagem.<\/p>\n<p>LEIA TAMB\u00c9M: <a href=\"https:\/\/www.h2foz.com.br\/turismo\/passeios\/lado-argentino-cataratas-horario-temporada-verao\/\" rel=\"nofollow noopener\" target=\"_blank\">Lado argentino das Cataratas amplia hor\u00e1rio para a temporada de ver\u00e3o<\/a><\/p>\n<p id=\"h-conforme-mario-macedo-junior-ceo-da-urbia-cataratas-o-parque-nacional-do-iguacu-vai-muito-alem-da-contemplacao-diurna-das-cataratas-temos-aqui-um-ceu-noturno-preservado-que-permite-observar-fenomenos-raros-e-despertar-o-interesse-pela-ciencia-e-pela-natureza-explica-ceu-das-cataratas\">Os astr\u00f4nomos consideram\u00a0a chuva de meteoros Gemin\u00eddeas\u00a0um dos fen\u00f4menos mais intensos e bonitos do c\u00e9u.\u00a0Ela\u00a0atingiu o pico\u00a0entre s\u00e1bado (13) e domingo (14).\u00a0O fot\u00f3grafo Rodrigo Guerra, do projeto Cosmos Iguassu, registrou\u00a0a grandiosidade desse momento \u00fanico.<\/p>\n<p>Em condi\u00e7\u00f5es ideais de observa\u00e7\u00e3o, como as registradas no local, o fen\u00f4meno pode alcan\u00e7ar at\u00e9 120 meteoros por hora. Em sua trajet\u00f3ria, eles deixam rastros brilhantes e, muitas vezes, coloridos.<\/p>\n<p><strong>Preserva\u00e7\u00e3o ambiental<\/strong><\/p>\n<p>Em suma, o registro refor\u00e7a a necessidade de preservar o Parque Nacional do Igua\u00e7u, que abriga um dos c\u00e9us noturnos mais limpos e prop\u00edcios para a observa\u00e7\u00e3o astron\u00f4mica da Regi\u00e3o Sul.<\/p>\n<p>Conforme\u00a0afirma Mario Macedo Junior, CEO da Urbia+Cataratas, o Parque Nacional do Igua\u00e7u oferece muito mais do que\u00a0a contempla\u00e7\u00e3o diurna das Cataratas:\u00a0\u201cTemos aqui um c\u00e9u noturno preservado, que permite observar fen\u00f4menos raros e despertar o interesse pela ci\u00eancia e pela natureza\u201d, explica.<\/p>\n<p><strong>C\u00e9u das Cataratas<\/strong><\/p>\n<p>Quem deseja vivenciar e aprender mais sobre esses fen\u00f4menos pode participar do passeio C\u00e9u das Cataratas, que o parque realiza todos os s\u00e1bados. A experi\u00eancia convida os visitantes a observar o c\u00e9u noturno em um ambiente com baixa polui\u00e7\u00e3o luminosa. A iniciativa une ci\u00eancia, contempla\u00e7\u00e3o e conex\u00e3o com a natureza em um cen\u00e1rio \u00fanico.<\/p>\n<p id=\"h-conforme-mario-macedo-junior-ceo-da-urbia-cataratas-o-parque-nacional-do-iguacu-vai-muito-alem-da-contemplacao-diurna-das-cataratas-temos-aqui-um-ceu-noturno-preservado-que-permite-observar-fenomenos-raros-e-despertar-o-interesse-pela-ciencia-e-pela-natureza-explica-ceu-das-cataratas\">Contudo,\u00a0as vagas s\u00e3o limitadas. Por fim, os visitantes podem reservar os ingressos on-line\u00a0no site <a href=\"http:\/\/cataratasdoiguacu.com.br\" target=\"_blank\" rel=\"noreferrer noopener nofollow\">cataratasdoiguacu.com.br.<\/a><\/p>\n","protected":false},"excerpt":{"rendered":"Na madrugada do \u00faltimo domingo (14), um espet\u00e1culo raro e encantador iluminou o c\u00e9u do Parque Nacional do&hellip;\n","protected":false},"author":2,"featured_media":190699,"comment_status":"","ping_status":"","sticky":false,"template":"","format":"standard","meta":{"footnotes":""},"categories":[84],"tags":[38367,109,107,108,32,33,105,103,104,106,110,38368],"class_list":{"0":"post-190698","1":"post","2":"type-post","3":"status-publish","4":"format-standard","5":"has-post-thumbnail","7":"category-ciencia-e-tecnologia","8":"tag-cataratas-do-iguacu","9":"tag-ciencia","10":"tag-ciencia-e-tecnologia","11":"tag-cienciaetecnologia","12":"tag-portugal","13":"tag-pt","14":"tag-science","15":"tag-science-and-technology","16":"tag-scienceandtechnology","17":"tag-technology","18":"tag-tecnologia","19":"tag-urbia-cataratas"},"share_on_mastodon":{"url":"https:\/\/pubeurope.com\/@pt\/115729666027277534","error":""},"_links":{"self":[{"href":"https:\/\/www.europesays.com\/pt\/wp-json\/wp\/v2\/posts\/190698","targetHints":{"allow":["GET"]}}],"collection":[{"href":"https:\/\/www.europesays.com\/pt\/wp-json\/wp\/v2\/posts"}],"about":[{"href":"https:\/\/www.europesays.com\/pt\/wp-json\/wp\/v2\/types\/post"}],"author":[{"embeddable":true,"href":"https:\/\/www.europesays.com\/pt\/wp-json\/wp\/v2\/users\/2"}],"replies":[{"embeddable":true,"href":"https:\/\/www.europesays.com\/pt\/wp-json\/wp\/v2\/comments?post=190698"}],"version-history":[{"count":0,"href":"https:\/\/www.europesays.com\/pt\/wp-json\/wp\/v2\/posts\/190698\/revisions"}],"wp:featuredmedia":[{"embeddable":true,"href":"https:\/\/www.europesays.com\/pt\/wp-json\/wp\/v2\/media\/190699"}],"wp:attachment":[{"href":"https:\/\/www.europesays.com\/pt\/wp-json\/wp\/v2\/media?parent=190698"}],"wp:term":[{"taxonomy":"category","embeddable":true,"href":"https:\/\/www.europesays.com\/pt\/wp-json\/wp\/v2\/categories?post=190698"},{"taxonomy":"post_tag","embeddable":true,"href":"https:\/\/www.europesays.com\/pt\/wp-json\/wp\/v2\/tags?post=190698"}],"curies":[{"name":"wp","href":"https:\/\/api.w.org\/{rel}","templated":true}]}}