{"id":190720,"date":"2025-12-16T14:33:21","date_gmt":"2025-12-16T14:33:21","guid":{"rendered":"https:\/\/www.europesays.com\/pt\/190720\/"},"modified":"2025-12-16T14:33:21","modified_gmt":"2025-12-16T14:33:21","slug":"como-e-a-casa-de-betty-gofman-a-medeia-de-eta-mundo-melhor","status":"publish","type":"post","link":"https:\/\/www.europesays.com\/pt\/190720\/","title":{"rendered":"Como \u00e9 a casa de Betty Gofman, a Med\u00e9ia de \u00cata Mundo Melhor"},"content":{"rendered":"<p>                        <img width=\"944\" height=\"531\" src=\"https:\/\/www.europesays.com\/pt\/wp-content\/uploads\/2025\/12\/Como-e-a-casa-de-Betty-Gofman-a-Medeia-de-Eta-Mundo-Melhor-944x531.jpg\" class=\"attachment-custom-large size-custom-large article-featured-image\" alt=\"Betty Gofman\" fetchpriority=\"high\" decoding=\"async\"  \/><\/p>\n<p>Betty Gofman tem uma casa na regi\u00e3o Serrana do Rio de Janeiro (Foto: Reprodu\u00e7\u00e3o, O Globo | Gshow)<\/p>\n<p>Em \u00cata Mundo Melhor, Betty Gofman viveu Med\u00e9ia, a prima do Quinzinho (Ary Fontoura). A atriz deixou o elenco da novela no in\u00edcio de novembro, quando sua personagem foi internada em um hospital psiqui\u00e1trico.<\/p>\n<p>Continua depois da publicidade<\/p>\n<p>A sa\u00edda fez Gofman ir para as redes sociais esclarecer a situa\u00e7\u00e3o, porque muitas pessoas estavam questionando se ela havia se desentendido com a produ\u00e7\u00e3o ou com os atores.<\/p>\n<p>Nas redes sociais, Betty esclareceu que sua sa\u00edda j\u00e1 estava planejada desde o dia 18 de outubro e que ela sabia desde o in\u00edcio que seria assim. Segundo a atriz, ela est\u00e1 aproveitando os coment\u00e1rios de amor e carinho que os f\u00e3s estavam enviando.<\/p>\n<p>Como \u00e9 a casa na regi\u00e3o Serrana do Rio de Janeiro de Betty Gofman, a Med\u00e9ia de \u00cata Mundo Melhor1<\/p>\n<p>VoltarAvan\u00e7ar<\/p>\n<p><img loading=\"lazy\" decoding=\"async\" width=\"1200\" height=\"675\" data-id=\"7756073\" src=\"https:\/\/www.europesays.com\/pt\/wp-content\/uploads\/2025\/12\/Como-e-a-casa-de-Betty-Gofman-a-Medeia-de-Eta-Mundo-Melhor-4.jpg\" alt=\"\" class=\"wp-image-7756073\"  \/><\/p>\n<p>Betty escolheu todos os detalhes da decora\u00e7\u00e3o com o marido, o fil\u00f3sofo Hugo Barreto (Foto: Reprodu\u00e7\u00e3o, O Globo)<\/p>\n<p><img loading=\"lazy\" decoding=\"async\" width=\"1200\" height=\"675\" data-id=\"7756074\" src=\"https:\/\/www.europesays.com\/pt\/wp-content\/uploads\/2025\/12\/Como-e-a-casa-de-Betty-Gofman-a-Medeia-de-Eta-Mundo-Melhor-5.jpg\" alt=\"\" class=\"wp-image-7756074\"  \/><\/p>\n<p>Vis\u00e3o externa da casa de Betty Gofman (Foto: Reprodu\u00e7\u00e3o, O Globo)<\/p>\n<p><img loading=\"lazy\" decoding=\"async\" width=\"1200\" height=\"675\" data-id=\"7756075\" src=\"https:\/\/www.europesays.com\/pt\/wp-content\/uploads\/2025\/12\/Como-e-a-casa-de-Betty-Gofman-a-Medeia-de-Eta-Mundo-Melhor-3.jpg\" alt=\"\" class=\"wp-image-7756075\"  \/><\/p>\n<p>Detalhes dos ambientes da cabana da fam\u00edlia, com pe\u00e7as recheadas de hist\u00f3rias e mem\u00f3rias (Foto: Reprodu\u00e7\u00e3o, O Globo)<\/p>\n<p><img loading=\"lazy\" decoding=\"async\" width=\"1200\" height=\"675\" data-id=\"7756071\" src=\"https:\/\/www.europesays.com\/pt\/wp-content\/uploads\/2025\/12\/Como-e-a-casa-de-Betty-Gofman-a-Medeia-de-Eta-Mundo-Melhor-7.jpg\" alt=\"\" class=\"wp-image-7756071\"  \/><\/p>\n<p>Betty Gofman mostra seus pets em casa (Foto: Reprodu\u00e7\u00e3o, Youtube)<\/p>\n<p><img loading=\"lazy\" decoding=\"async\" width=\"1200\" height=\"675\" data-id=\"7756076\" src=\"https:\/\/www.europesays.com\/pt\/wp-content\/uploads\/2025\/12\/Como-e-a-casa-de-Betty-Gofman-a-Medeia-de-Eta-Mundo-Melhor-2.jpg\" alt=\"\" class=\"wp-image-7756076\"  \/><\/p>\n<p>Detalhes da cozinha da casa (Foto: Reprodu\u00e7\u00e3o, O Globo)<\/p>\n<p><img loading=\"lazy\" decoding=\"async\" width=\"1200\" height=\"675\" data-id=\"7756072\" src=\"https:\/\/www.europesays.com\/pt\/wp-content\/uploads\/2025\/12\/Como-e-a-casa-de-Betty-Gofman-a-Medeia-de-Eta-Mundo-Melhor-1.jpg\" alt=\"\" class=\"wp-image-7756072\"  \/><\/p>\n<p>Espa\u00e7o da casa da atriz Betty Gofman, antiga cabana remontada de forma sustent\u00e1vel\u00a0 (Foto: Reprodu\u00e7\u00e3o, O Globo)<\/p>\n<p><img loading=\"lazy\" decoding=\"async\" width=\"1200\" height=\"675\" data-id=\"7756077\" src=\"https:\/\/www.europesays.com\/pt\/wp-content\/uploads\/2025\/12\/Como-e-a-casa-de-Betty-Gofman-a-Medeia-de-Eta-Mundo-Melhor-6.jpg\" alt=\"\" class=\"wp-image-7756077\"  \/><\/p>\n<p>Espa\u00e7o da casa \u00e9 reservado para a acomoda\u00e7\u00e3o do pets (Foto: Reprodu\u00e7\u00e3o, Youtube)<\/p>\n<p>Nos \u00faltimos dias, Betty Gofman aproveitou o descanso, ap\u00f3s deixar a novela, com a fam\u00edlia. Ela escolheu o Cear\u00e1 para uma viagem afetiva ao lado das filhas, Alice e Helena.<\/p>\n<p>Continua depois da publicidade<\/p>\n<p>Al\u00e9m de aproveitar em um parque aqu\u00e1tico, Gofman participou do podcast\u00a0Agora Pod, onde conversou sobre maternidade, carreira, projetos futuros e sua atua\u00e7\u00e3o e sa\u00edda de\u00a0\u00cata Mundo Melhor.<\/p>\n<p>Voc\u00ea vai querer sobre:\u00a0<a href=\"https:\/\/www.nsctotal.com.br\/noticias\/o-que-significa-rage-bait-parassocial-e-67-entenda-os-termos-populares-da-gen-z-e-alpha\" target=\"_blank\" rel=\"noreferrer noopener nofollow\"><strong>O que significa \u201crage bait\u201d, \u201cparassocial\u201d e \u201c67\u201d? Entenda os termos populares da Gen Z e Alpha<\/strong><\/a>.<\/p>\n<p>*Sob supervis\u00e3o de Pablo Brito<\/p>\n","protected":false},"excerpt":{"rendered":"Betty Gofman tem uma casa na regi\u00e3o Serrana do Rio de Janeiro (Foto: Reprodu\u00e7\u00e3o, O Globo | Gshow)&hellip;\n","protected":false},"author":2,"featured_media":190721,"comment_status":"","ping_status":"","sticky":false,"template":"","format":"standard","meta":{"footnotes":""},"categories":[145],"tags":[211,210,114,115,32,33,794],"class_list":{"0":"post-190720","1":"post","2":"type-post","3":"status-publish","4":"format-standard","5":"has-post-thumbnail","7":"category-celebridades","8":"tag-celebridades","9":"tag-celebrities","10":"tag-entertainment","11":"tag-entretenimento","12":"tag-portugal","13":"tag-pt","14":"tag-voce-viu"},"share_on_mastodon":{"url":"https:\/\/pubeurope.com\/@pt\/115729741263777496","error":""},"_links":{"self":[{"href":"https:\/\/www.europesays.com\/pt\/wp-json\/wp\/v2\/posts\/190720","targetHints":{"allow":["GET"]}}],"collection":[{"href":"https:\/\/www.europesays.com\/pt\/wp-json\/wp\/v2\/posts"}],"about":[{"href":"https:\/\/www.europesays.com\/pt\/wp-json\/wp\/v2\/types\/post"}],"author":[{"embeddable":true,"href":"https:\/\/www.europesays.com\/pt\/wp-json\/wp\/v2\/users\/2"}],"replies":[{"embeddable":true,"href":"https:\/\/www.europesays.com\/pt\/wp-json\/wp\/v2\/comments?post=190720"}],"version-history":[{"count":0,"href":"https:\/\/www.europesays.com\/pt\/wp-json\/wp\/v2\/posts\/190720\/revisions"}],"wp:featuredmedia":[{"embeddable":true,"href":"https:\/\/www.europesays.com\/pt\/wp-json\/wp\/v2\/media\/190721"}],"wp:attachment":[{"href":"https:\/\/www.europesays.com\/pt\/wp-json\/wp\/v2\/media?parent=190720"}],"wp:term":[{"taxonomy":"category","embeddable":true,"href":"https:\/\/www.europesays.com\/pt\/wp-json\/wp\/v2\/categories?post=190720"},{"taxonomy":"post_tag","embeddable":true,"href":"https:\/\/www.europesays.com\/pt\/wp-json\/wp\/v2\/tags?post=190720"}],"curies":[{"name":"wp","href":"https:\/\/api.w.org\/{rel}","templated":true}]}}