{"id":190805,"date":"2025-12-16T15:52:17","date_gmt":"2025-12-16T15:52:17","guid":{"rendered":"https:\/\/www.europesays.com\/pt\/190805\/"},"modified":"2025-12-16T15:52:17","modified_gmt":"2025-12-16T15:52:17","slug":"quatro-desaparecidos-apos-naufragio-de-barco-de-pesca-ao-largo-de-aveiro","status":"publish","type":"post","link":"https:\/\/www.europesays.com\/pt\/190805\/","title":{"rendered":"Quatro desaparecidos ap\u00f3s naufr\u00e1gio de barco de pesca ao largo de Aveiro"},"content":{"rendered":"<p>                Est\u00e3o desaparecidos quatro tripulantes de uma embarca\u00e7\u00e3o de pesca que naufragou, ao in\u00edcio da manh\u00e3 desta ter\u00e7a-feira, ao largo de Aveiro.Est\u00e3o a decorrer as buscas lideradas pela Marinha Portuguesa, com apoio da For\u00e7a A\u00e9rea.<\/p>\n<p>De acordo com a Marinha,\u00a0<b>a embarca\u00e7\u00e3o &#8220;ter\u00e1 sofrido uma entrada de \u00e1gua enquanto navegava a mais de 200 milhas n\u00e1uticas (aproximadamente 370 quil\u00f3metros) de Aveiro&#8221;<\/b>. <\/p>\n<p>&#13;<br \/>\n<b>Uma outra embarca\u00e7\u00e3o de pesca que se encontrava nas imedia\u00e7\u00f5es resgatou tr\u00eas dos sete tripulantes<\/b>, um deles em paragem cardiorrespirat\u00f3ria.&#13;\n<\/p>\n<p>&#13;<br \/>\n&#8220;Neste momento est\u00e3o a decorrer buscas pelas restantes v\u00edtimas no local, atrav\u00e9s de uma embarca\u00e7\u00e3o de pesca e de um navio mercante, tendo tamb\u00e9m sido ativados o NRP Figueira da Foz e uma aeronave da For\u00e7a A\u00e9rea Portuguesa&#8221;, adiantam as autoridades.<br \/>&#13;<\/p>\n","protected":false},"excerpt":{"rendered":"Est\u00e3o desaparecidos quatro tripulantes de uma embarca\u00e7\u00e3o de pesca que naufragou, ao in\u00edcio da manh\u00e3 desta ter\u00e7a-feira, ao&hellip;\n","protected":false},"author":2,"featured_media":190806,"comment_status":"","ping_status":"","sticky":false,"template":"","format":"standard","meta":{"footnotes":""},"categories":[10],"tags":[1563,13407,27,28,9198,16219,15,16,14,25,26,21,22,12,13,19,20,9868,32,23,24,33,17,18,1366,29,30,31],"class_list":{"0":"post-190805","1":"post","2":"type-post","3":"status-publish","4":"format-standard","5":"has-post-thumbnail","7":"category-portugal","8":"tag-aveiro","9":"tag-barco","10":"tag-breaking-news","11":"tag-breakingnews","12":"tag-desaparecidos","13":"tag-embarcacao","14":"tag-featured-news","15":"tag-featurednews","16":"tag-headlines","17":"tag-latest-news","18":"tag-latestnews","19":"tag-main-news","20":"tag-mainnews","21":"tag-news","22":"tag-noticias","23":"tag-noticias-principais","24":"tag-noticiasprincipais","25":"tag-pesca","26":"tag-portugal","27":"tag-principais-noticias","28":"tag-principaisnoticias","29":"tag-pt","30":"tag-top-stories","31":"tag-topstories","32":"tag-tripulantes","33":"tag-ultimas","34":"tag-ultimas-noticias","35":"tag-ultimasnoticias"},"share_on_mastodon":{"url":"https:\/\/pubeurope.com\/@pt\/115730051568240972","error":""},"_links":{"self":[{"href":"https:\/\/www.europesays.com\/pt\/wp-json\/wp\/v2\/posts\/190805","targetHints":{"allow":["GET"]}}],"collection":[{"href":"https:\/\/www.europesays.com\/pt\/wp-json\/wp\/v2\/posts"}],"about":[{"href":"https:\/\/www.europesays.com\/pt\/wp-json\/wp\/v2\/types\/post"}],"author":[{"embeddable":true,"href":"https:\/\/www.europesays.com\/pt\/wp-json\/wp\/v2\/users\/2"}],"replies":[{"embeddable":true,"href":"https:\/\/www.europesays.com\/pt\/wp-json\/wp\/v2\/comments?post=190805"}],"version-history":[{"count":0,"href":"https:\/\/www.europesays.com\/pt\/wp-json\/wp\/v2\/posts\/190805\/revisions"}],"wp:featuredmedia":[{"embeddable":true,"href":"https:\/\/www.europesays.com\/pt\/wp-json\/wp\/v2\/media\/190806"}],"wp:attachment":[{"href":"https:\/\/www.europesays.com\/pt\/wp-json\/wp\/v2\/media?parent=190805"}],"wp:term":[{"taxonomy":"category","embeddable":true,"href":"https:\/\/www.europesays.com\/pt\/wp-json\/wp\/v2\/categories?post=190805"},{"taxonomy":"post_tag","embeddable":true,"href":"https:\/\/www.europesays.com\/pt\/wp-json\/wp\/v2\/tags?post=190805"}],"curies":[{"name":"wp","href":"https:\/\/api.w.org\/{rel}","templated":true}]}}