{"id":190910,"date":"2025-12-16T17:25:12","date_gmt":"2025-12-16T17:25:12","guid":{"rendered":"https:\/\/www.europesays.com\/pt\/190910\/"},"modified":"2025-12-16T17:25:12","modified_gmt":"2025-12-16T17:25:12","slug":"metrobus-coimbra-lousa-arranca-15-anos-apos-fim-da-linha-ferroviaria","status":"publish","type":"post","link":"https:\/\/www.europesays.com\/pt\/190910\/","title":{"rendered":"Metrobus Coimbra-Lous\u00e3 arranca 15 anos ap\u00f3s fim da linha ferrovi\u00e1ria"},"content":{"rendered":"<p>&#13;<br \/>\nA opera\u00e7\u00e3o, que \u00e9 gratuita at\u00e9 ao final do m\u00eas, arranca hoje j\u00e1 com hor\u00e1rios definitivos, servindo Coimbra, Miranda do Corvo e Lous\u00e3, com autocarros el\u00e9tricos em via dedicada (conhecido como `metrobus`).&#13;\n<\/p>\n<p>&#13;<br \/>\nDepois de a opera\u00e7\u00e3o ter arrancado de forma preliminar no tro\u00e7o urbano da cidade de Coimbra, o servi\u00e7o \u00e9 agora alargado aos concelhos que mais sofreram com o fim do ramal ferrovi\u00e1rio da Lous\u00e3, encerrado em janeiro de 2010, na altura para dar lugar a um metro ligeiro de superf\u00edcie.&#13;\n<\/p>\n<p>&#13;<br \/>\nNa zona urbana do tra\u00e7ado em Coimbra, os autocarros ter\u00e3o uma frequ\u00eancia de cinco em cinco minutos em hora de ponta (7,5 minutos entre per\u00edodo de ponta e outros de 14 a 16 minutos), com servi\u00e7o das 06:00 at\u00e9 por volta das 00:30.&#13;\n<\/p>\n<p>&#13;<br \/>\nDe acordo com a Metro Mondego, no tro\u00e7o suburbano haver\u00e1 frequ\u00eancia em hora de ponta de dez minutos em Miranda do Corvo e 15 minutos na Lous\u00e3, com servi\u00e7o entre as 05:30 e as 00:30, com o \u00faltimo autocarro a sair de Coimbra em dire\u00e7\u00e3o a Serpins \u00e0s 00:30 nos dias da semana e \u00e0s 00:15 aos s\u00e1bados, domingos e feriados.&#13;\n<\/p>\n<p>&#13;<br \/>\nO projeto conheceu v\u00e1rios contratempos, altera\u00e7\u00f5es e paragens, mas acabou a ser relan\u00e7ado como `metrobus` pelo Governo liderado por Ant\u00f3nio Costa (PS), que adjudicou as principais empreitadas relacionadas com este projeto, que tem um custo global de cerca de 220 milh\u00f5es de euros.&#13;\n<\/p>\n<p>&#13;<br \/>\nA inaugura\u00e7\u00e3o da opera\u00e7\u00e3o entre Coimbra e Serpins (um tro\u00e7o de 36 quil\u00f3metros e 27 esta\u00e7\u00f5es) \u00e9 hoje assinalada com a presen\u00e7a do primeiro-ministro, Lu\u00eds Montenegro, ficando a faltar a conclus\u00e3o da liga\u00e7\u00e3o \u00e0 esta\u00e7\u00e3o ferrovi\u00e1ria de Coimbra-B e a linha que serve os Hospitais da Universidade de Coimbra, empreitadas que se espera que possam estar conclu\u00eddas ainda em 2026.&#13;<\/p>\n","protected":false},"excerpt":{"rendered":"&#13; A opera\u00e7\u00e3o, que \u00e9 gratuita at\u00e9 ao final do m\u00eas, arranca hoje j\u00e1 com hor\u00e1rios definitivos, servindo&hellip;\n","protected":false},"author":2,"featured_media":190911,"comment_status":"","ping_status":"","sticky":false,"template":"","format":"standard","meta":{"footnotes":""},"categories":[10],"tags":[27,28,21202,15,16,14,25,26,21,22,4998,12,13,19,20,32,23,24,33,17,18,29,30,31],"class_list":{"0":"post-190910","1":"post","2":"type-post","3":"status-publish","4":"format-standard","5":"has-post-thumbnail","7":"category-portugal","8":"tag-breaking-news","9":"tag-breakingnews","10":"tag-corvo","11":"tag-featured-news","12":"tag-featurednews","13":"tag-headlines","14":"tag-latest-news","15":"tag-latestnews","16":"tag-main-news","17":"tag-mainnews","18":"tag-mobilidade","19":"tag-news","20":"tag-noticias","21":"tag-noticias-principais","22":"tag-noticiasprincipais","23":"tag-portugal","24":"tag-principais-noticias","25":"tag-principaisnoticias","26":"tag-pt","27":"tag-top-stories","28":"tag-topstories","29":"tag-ultimas","30":"tag-ultimas-noticias","31":"tag-ultimasnoticias"},"share_on_mastodon":{"url":"https:\/\/pubeurope.com\/@pt\/115730417133440104","error":""},"_links":{"self":[{"href":"https:\/\/www.europesays.com\/pt\/wp-json\/wp\/v2\/posts\/190910","targetHints":{"allow":["GET"]}}],"collection":[{"href":"https:\/\/www.europesays.com\/pt\/wp-json\/wp\/v2\/posts"}],"about":[{"href":"https:\/\/www.europesays.com\/pt\/wp-json\/wp\/v2\/types\/post"}],"author":[{"embeddable":true,"href":"https:\/\/www.europesays.com\/pt\/wp-json\/wp\/v2\/users\/2"}],"replies":[{"embeddable":true,"href":"https:\/\/www.europesays.com\/pt\/wp-json\/wp\/v2\/comments?post=190910"}],"version-history":[{"count":0,"href":"https:\/\/www.europesays.com\/pt\/wp-json\/wp\/v2\/posts\/190910\/revisions"}],"wp:featuredmedia":[{"embeddable":true,"href":"https:\/\/www.europesays.com\/pt\/wp-json\/wp\/v2\/media\/190911"}],"wp:attachment":[{"href":"https:\/\/www.europesays.com\/pt\/wp-json\/wp\/v2\/media?parent=190910"}],"wp:term":[{"taxonomy":"category","embeddable":true,"href":"https:\/\/www.europesays.com\/pt\/wp-json\/wp\/v2\/categories?post=190910"},{"taxonomy":"post_tag","embeddable":true,"href":"https:\/\/www.europesays.com\/pt\/wp-json\/wp\/v2\/tags?post=190910"}],"curies":[{"name":"wp","href":"https:\/\/api.w.org\/{rel}","templated":true}]}}