{"id":190995,"date":"2025-12-16T18:29:15","date_gmt":"2025-12-16T18:29:15","guid":{"rendered":"https:\/\/www.europesays.com\/pt\/190995\/"},"modified":"2025-12-16T18:29:15","modified_gmt":"2025-12-16T18:29:15","slug":"secret-story-nuno-eiro-avisa-pedro-jorge-vamos-olhar-para-o-passado","status":"publish","type":"post","link":"https:\/\/www.europesays.com\/pt\/190995\/","title":{"rendered":"Secret Story&#8221;. Nuno Eir\u00f3 &#8220;avisa&#8221; Pedro Jorge: &#8220;Vamos olhar para o passado"},"content":{"rendered":"<p>Estamos a menos de duas semanas para a grande final da nona edi\u00e7\u00e3o do &#8220;Secret Story&#8221;, da TVI. Em conversa com a imprensa, Nuno Eir\u00f3 falou sobre o poss\u00edvel vencedor, mas deixou um alerta.<\/p>\n<p>&#8220;N\u00e3o tenho um concorrente favorito. Para j\u00e1, aquilo que se vai ouvindo \u00e9 que o Pedro Jorge est\u00e1 na pole position para vencer&#8221;, come\u00e7ou por dizer o apresentador do &#8220;Di\u00e1rio&#8221;.<\/p>\n<p>&#8220;Agora, vamos olhar para o passado. Muitas das vezes, bastam quatro ou cinco dias para tudo dar a volta. S\u00e3o pessoas a ser pessoas, nunca se sabe&#8221;, rematou Nuno Eir\u00f3, fazendo refer\u00eancia a antigos concorrentes que eram vistos como potenciais vencedores e acabaram por n\u00e3o conseguir ganhar os respetivos formatos nos quais participaram.<\/p>\n<p>Recorde-se que <a href=\"https:\/\/selfie.iol.pt\/famosos\/casa-dos-segredos-9\/secret-story-perto-do-fim-conheca-os-tres-nomeados-da-semana\/20251215\/6940891bd34e2bd5c6d52368\" target=\"_blank\" rel=\"nofollow noopener\">Pedro Jorge est\u00e1 nomeado, tal como F\u00e1bio e In\u00eas Gama<\/a>.<\/p>\n","protected":false},"excerpt":{"rendered":"Estamos a menos de duas semanas para a grande final da nona edi\u00e7\u00e3o do &#8220;Secret Story&#8221;, da TVI.&hellip;\n","protected":false},"author":2,"featured_media":190996,"comment_status":"","ping_status":"","sticky":false,"template":"","format":"standard","meta":{"footnotes":""},"categories":[142],"tags":[114,115,741,980,619,6335,21416,32,33,1014,1315,1012,151,162],"class_list":{"0":"post-190995","1":"post","2":"type-post","3":"status-publish","4":"format-standard","5":"has-post-thumbnail","7":"category-tv","8":"tag-entertainment","9":"tag-entretenimento","10":"tag-entrevista","11":"tag-famosos","12":"tag-nacional","13":"tag-nuno-eiro","14":"tag-pedro-jorge","15":"tag-portugal","16":"tag-pt","17":"tag-reality-show","18":"tag-secret-story","19":"tag-selfie","20":"tag-tv","21":"tag-tvi"},"share_on_mastodon":{"url":"https:\/\/pubeurope.com\/@pt\/115730668843166766","error":""},"_links":{"self":[{"href":"https:\/\/www.europesays.com\/pt\/wp-json\/wp\/v2\/posts\/190995","targetHints":{"allow":["GET"]}}],"collection":[{"href":"https:\/\/www.europesays.com\/pt\/wp-json\/wp\/v2\/posts"}],"about":[{"href":"https:\/\/www.europesays.com\/pt\/wp-json\/wp\/v2\/types\/post"}],"author":[{"embeddable":true,"href":"https:\/\/www.europesays.com\/pt\/wp-json\/wp\/v2\/users\/2"}],"replies":[{"embeddable":true,"href":"https:\/\/www.europesays.com\/pt\/wp-json\/wp\/v2\/comments?post=190995"}],"version-history":[{"count":0,"href":"https:\/\/www.europesays.com\/pt\/wp-json\/wp\/v2\/posts\/190995\/revisions"}],"wp:featuredmedia":[{"embeddable":true,"href":"https:\/\/www.europesays.com\/pt\/wp-json\/wp\/v2\/media\/190996"}],"wp:attachment":[{"href":"https:\/\/www.europesays.com\/pt\/wp-json\/wp\/v2\/media?parent=190995"}],"wp:term":[{"taxonomy":"category","embeddable":true,"href":"https:\/\/www.europesays.com\/pt\/wp-json\/wp\/v2\/categories?post=190995"},{"taxonomy":"post_tag","embeddable":true,"href":"https:\/\/www.europesays.com\/pt\/wp-json\/wp\/v2\/tags?post=190995"}],"curies":[{"name":"wp","href":"https:\/\/api.w.org\/{rel}","templated":true}]}}