{"id":190999,"date":"2025-12-16T18:37:14","date_gmt":"2025-12-16T18:37:14","guid":{"rendered":"https:\/\/www.europesays.com\/pt\/190999\/"},"modified":"2025-12-16T18:37:14","modified_gmt":"2025-12-16T18:37:14","slug":"boavista-chega-a-acordo-com-credores-e-evita-encerramento-do-clube","status":"publish","type":"post","link":"https:\/\/www.europesays.com\/pt\/190999\/","title":{"rendered":"Boavista chega a acordo com credores e evita encerramento do clube"},"content":{"rendered":"<p>O Boavista chegou esta ter\u00e7a-feira a acordo com os credores e evitou o encerramento do clube.<\/p>\n<p>A not\u00edcia foi dada pela pr\u00f3pria dire\u00e7\u00e3o dos axadrezados, atrav\u00e9s de um comunicado, ainda que n\u00e3o seja uma \u00absolu\u00e7\u00e3o definitiva\u00bb. O Boavista explica que este acordo permite \u00absalvaguardar a atividade regular do clube\u00bb, ou seja, a participa\u00e7\u00e3o dos cerca de dois mil atletas divididos por v\u00e1rias modalidades.<\/p>\n<p>\u00abNeste momento, compromete-se o Boavista a assegurar a cobertura do d\u00e9fice corrente da sua explora\u00e7\u00e3o, condi\u00e7\u00e3o que permite manter abertas as suas estruturas e garantir a continuidade da pr\u00e1tica desportiva\u00bb, pode ler-se.<\/p>\n<p>Recorde-se que a liquida\u00e7\u00e3o do clube tinha sido aprovada em setembro, com os credores a rejeitarem o adiamento de 30 dias da vota\u00e7\u00e3o do plano de recupera\u00e7\u00e3o da dire\u00e7\u00e3o axadrezada. O clube det\u00e9m dez por cento do capital da SAD, que deveria disputar a II Liga na presente temporada.\u00a0<\/p>\n<p>Ora, a decis\u00e3o passou por n\u00e3o ter uma equipa profissional e acabou mesmo por ser relegada \u00e0 quarta e \u00faltima divis\u00e3o das distritais.<\/p>\n","protected":false},"excerpt":{"rendered":"O Boavista chegou esta ter\u00e7a-feira a acordo com os credores e evitou o encerramento do clube. A not\u00edcia&hellip;\n","protected":false},"author":2,"featured_media":191000,"comment_status":"","ping_status":"","sticky":false,"template":"","format":"standard","meta":{"footnotes":""},"categories":[87],"tags":[1836,22733,38494,1302,38493,135,26563,46,32,33,47,134],"class_list":{"0":"post-190999","1":"post","2":"type-post","3":"status-publish","4":"format-standard","5":"has-post-thumbnail","7":"category-desporto","8":"tag-acordo","9":"tag-af-porto","10":"tag-axadrezados","11":"tag-boavista","12":"tag-credores","13":"tag-desporto","14":"tag-distritais","15":"tag-maisfutebol","16":"tag-portugal","17":"tag-pt","18":"tag-pura-paixao","19":"tag-sports"},"share_on_mastodon":{"url":"https:\/\/pubeurope.com\/@pt\/115730700434588827","error":""},"_links":{"self":[{"href":"https:\/\/www.europesays.com\/pt\/wp-json\/wp\/v2\/posts\/190999","targetHints":{"allow":["GET"]}}],"collection":[{"href":"https:\/\/www.europesays.com\/pt\/wp-json\/wp\/v2\/posts"}],"about":[{"href":"https:\/\/www.europesays.com\/pt\/wp-json\/wp\/v2\/types\/post"}],"author":[{"embeddable":true,"href":"https:\/\/www.europesays.com\/pt\/wp-json\/wp\/v2\/users\/2"}],"replies":[{"embeddable":true,"href":"https:\/\/www.europesays.com\/pt\/wp-json\/wp\/v2\/comments?post=190999"}],"version-history":[{"count":0,"href":"https:\/\/www.europesays.com\/pt\/wp-json\/wp\/v2\/posts\/190999\/revisions"}],"wp:featuredmedia":[{"embeddable":true,"href":"https:\/\/www.europesays.com\/pt\/wp-json\/wp\/v2\/media\/191000"}],"wp:attachment":[{"href":"https:\/\/www.europesays.com\/pt\/wp-json\/wp\/v2\/media?parent=190999"}],"wp:term":[{"taxonomy":"category","embeddable":true,"href":"https:\/\/www.europesays.com\/pt\/wp-json\/wp\/v2\/categories?post=190999"},{"taxonomy":"post_tag","embeddable":true,"href":"https:\/\/www.europesays.com\/pt\/wp-json\/wp\/v2\/tags?post=190999"}],"curies":[{"name":"wp","href":"https:\/\/api.w.org\/{rel}","templated":true}]}}