{"id":191036,"date":"2025-12-16T19:12:15","date_gmt":"2025-12-16T19:12:15","guid":{"rendered":"https:\/\/www.europesays.com\/pt\/191036\/"},"modified":"2025-12-16T19:12:15","modified_gmt":"2025-12-16T19:12:15","slug":"quanto-vai-custar-o-iphone-dobravel-no-brasil-veja-estimativas","status":"publish","type":"post","link":"https:\/\/www.europesays.com\/pt\/191036\/","title":{"rendered":"Quanto vai custar o iPhone dobr\u00e1vel no Brasil? Veja estimativas"},"content":{"rendered":"<p><a href=\"https:\/\/fastcompanybrasil.com\/autor\/Maropo\" rel=\"nofollow noopener\" target=\"_blank\">Guynever Maropo<\/a><\/p>\n<p>2 minutos de leitura\t<\/p>\n<p>A <strong>Apple <\/strong>se prepara para entrar no mercado de celulares dobr\u00e1veis com um modelo in\u00e9dito, previsto para 2026. A expectativa em torno do lan\u00e7amento cresce principalmente pelo posicionamento premium que a empresa costuma adotar em novos produtos.<\/p>\n<p>O aparelho deve marcar a estreia da marca no segmento de telas flex\u00edveis, disputando espa\u00e7o com modelos j\u00e1 consolidados de concorrentes. A proposta envolve design diferenciado, integra\u00e7\u00e3o ao ecossistema da empresa e materiais de alto padr\u00e3o.<\/p>\n<p>Segundo\u00a0<a href=\"https:\/\/www.ibtimes.co.uk\/apples-foldable-iphone-coming-heres-everything-we-know-1760483\" target=\"_blank\" rel=\"noreferrer noopener nofollow\">International Business Times<\/a>, no quesito pre\u00e7o, analistas estimam que o dispositivo custe entre <strong>US$ 2.000<\/strong> (<strong>cerca de R$ 10.700<\/strong>) e <strong>US$ 2.500<\/strong> (<strong>cerca de R$ 13.400<\/strong>) nos Estados Unidos. No Brasil, a convers\u00e3o somada a impostos e custos de importa\u00e7\u00e3o pode elevar ainda mais o valor final, colocando o modelo entre os mais caros j\u00e1 vendidos pela marca no pa\u00eds.<\/p>\n<p><strong>Leia mais:<\/strong>\u00a0<a href=\"https:\/\/fastcompanybrasil.com\/money\/apple-o-que-tem-de-especial-na-bolsinha-de-trico-do-iphone-que-custa-r-1-220\/\" target=\"_blank\" rel=\"noreferrer noopener nofollow\">Apple: o que tem de especial na bolsinha de tric\u00f4 do iPhone que custa R$ 1.220<\/a>.<\/p>\n<p><strong>O que j\u00e1 se sabe sobre o modelo dobr\u00e1vel<\/strong>?<\/p>\n<p>O aparelho deve adotar um design em formato de livro, semelhante ao do\u00a0<a href=\"https:\/\/fastcompanybrasil.com\/tech\/samsung-lanca-celular-dobravel-com-tres-telas\/\" target=\"_blank\" rel=\"noreferrer noopener nofollow\">Samsung Galaxy Z Fold<\/a>. As estimativas indicam espessura entre 9 e 9,5 mil\u00edmetros fechado e cerca de 4,5 mil\u00edmetros quando aberto.<\/p>\n<p>A tela externa deve ter 5,5 polegadas, enquanto a interna alcan\u00e7a 7,8 polegadas. Para reduzir vincos, a Apple trabalha com uma placa met\u00e1lica sob o painel e uma dobradi\u00e7a com metal l\u00edquido.<\/p>\n<p>O corpo deve combinar tit\u00e2nio e a\u00e7o inoxid\u00e1vel, com refor\u00e7os para suportar o uso frequente. H\u00e1 expectativa de aplica\u00e7\u00e3o de alum\u00ednio em pontos estrat\u00e9gicos para equilibrar resist\u00eancia e leveza.<\/p>\n<p><strong>Leia mais:<\/strong> <a href=\"https:\/\/fastcompanybrasil.com\/tech\/13-funcoes-do-apple-watch-que-voce-pode-usar-mesmo-longe-do-iphone\/\" target=\"_blank\" rel=\"noreferrer noopener nofollow\">13 fun\u00e7\u00f5es do Apple Watch que voc\u00ea pode usar mesmo longe do iPhone<\/a><\/p>\n<p>A dobradi\u00e7a refor\u00e7ada \u00e9 apontada como um dos principais diferenciais, garantindo maior durabilidade ao longo do tempo.<\/p>\n<p>O conjunto fotogr\u00e1fico deve incluir duas c\u00e2meras traseiras de 48 megapixels, al\u00e9m de c\u00e2mera frontal externa e outra sob a tela interna. O Face ID deve ser substitu\u00eddo por um Touch ID lateral, solu\u00e7\u00e3o j\u00e1 adotada em alguns modelos de iPad.<\/p>\n<p>A tela interna deve receber otimiza\u00e7\u00f5es para garantir continuidade visual e efici\u00eancia energ\u00e9tica. O aparelho tamb\u00e9m deve contar com baterias de alta densidade e modem pr\u00f3prio para conectividade mais r\u00e1pida.<\/p>\n<p><strong>Leia mais:<\/strong>\u00a0<a href=\"https:\/\/fastcompanybrasil.com\/tech\/seu-iphone-caiu-na-agua-atalho-pouco-conhecido-pode-salvar-o-aparelho\/\" target=\"_blank\" rel=\"noreferrer noopener nofollow\">Seu iPhone caiu na \u00e1gua? Atalho pouco conhecido pode salvar o aparelho<\/a>.<\/p>\n<p>Voc\u00ea pode se interessar tamb\u00e9m:<\/p>\n<p>Nos Estados Unidos, o modelo deve ter suporte ao padr\u00e3o mmWave, ampliando o desempenho em redes m\u00f3veis.<\/p>\n<p>Com pre\u00e7o elevado e proposta premium, o iPhone dobr\u00e1vel da <strong>Apple <\/strong>deve se posicionar como um produto de nicho, voltado a usu\u00e1rios dispostos a pagar mais por inova\u00e7\u00e3o e design.<\/p>\n<p><img decoding=\"async\" src=\"\" alt=\"\"\/><\/p>\n<p>SOBRE A AUTORA<\/p>\n<p>  <a href=\"https:\/\/fastcompanybrasil.com\/autor\/Maropo\" rel=\"nofollow noopener\" target=\"_blank\"><\/p>\n<p class=\"description\">Jornalista, p\u00f3s-graduando em Marketing Digital, com experi\u00eancia em jornalismo digital e impresso, al\u00e9m de produ\u00e7\u00e3o e capta\u00e7\u00e3o de conte&#8230; saiba mais<\/p>\n<p><\/a><\/p>\n","protected":false},"excerpt":{"rendered":"Guynever Maropo 2 minutos de leitura A Apple se prepara para entrar no mercado de celulares dobr\u00e1veis com&hellip;\n","protected":false},"author":2,"featured_media":191037,"comment_status":"","ping_status":"","sticky":false,"template":"","format":"standard","meta":{"footnotes":""},"categories":[84],"tags":[109,107,108,32,33,105,103,104,106,110],"class_list":{"0":"post-191036","1":"post","2":"type-post","3":"status-publish","4":"format-standard","5":"has-post-thumbnail","7":"category-ciencia-e-tecnologia","8":"tag-ciencia","9":"tag-ciencia-e-tecnologia","10":"tag-cienciaetecnologia","11":"tag-portugal","12":"tag-pt","13":"tag-science","14":"tag-science-and-technology","15":"tag-scienceandtechnology","16":"tag-technology","17":"tag-tecnologia"},"share_on_mastodon":{"url":"https:\/\/pubeurope.com\/@pt\/115730837890597269","error":""},"_links":{"self":[{"href":"https:\/\/www.europesays.com\/pt\/wp-json\/wp\/v2\/posts\/191036","targetHints":{"allow":["GET"]}}],"collection":[{"href":"https:\/\/www.europesays.com\/pt\/wp-json\/wp\/v2\/posts"}],"about":[{"href":"https:\/\/www.europesays.com\/pt\/wp-json\/wp\/v2\/types\/post"}],"author":[{"embeddable":true,"href":"https:\/\/www.europesays.com\/pt\/wp-json\/wp\/v2\/users\/2"}],"replies":[{"embeddable":true,"href":"https:\/\/www.europesays.com\/pt\/wp-json\/wp\/v2\/comments?post=191036"}],"version-history":[{"count":0,"href":"https:\/\/www.europesays.com\/pt\/wp-json\/wp\/v2\/posts\/191036\/revisions"}],"wp:featuredmedia":[{"embeddable":true,"href":"https:\/\/www.europesays.com\/pt\/wp-json\/wp\/v2\/media\/191037"}],"wp:attachment":[{"href":"https:\/\/www.europesays.com\/pt\/wp-json\/wp\/v2\/media?parent=191036"}],"wp:term":[{"taxonomy":"category","embeddable":true,"href":"https:\/\/www.europesays.com\/pt\/wp-json\/wp\/v2\/categories?post=191036"},{"taxonomy":"post_tag","embeddable":true,"href":"https:\/\/www.europesays.com\/pt\/wp-json\/wp\/v2\/tags?post=191036"}],"curies":[{"name":"wp","href":"https:\/\/api.w.org\/{rel}","templated":true}]}}