{"id":191056,"date":"2025-12-16T19:31:18","date_gmt":"2025-12-16T19:31:18","guid":{"rendered":"https:\/\/www.europesays.com\/pt\/191056\/"},"modified":"2025-12-16T19:31:18","modified_gmt":"2025-12-16T19:31:18","slug":"governo-reduz-retroactividade-das-contribuicoes-no-trabalho-nao-declarado-seguranca-social","status":"publish","type":"post","link":"https:\/\/www.europesays.com\/pt\/191056\/","title":{"rendered":"Governo reduz retroactividade das contribui\u00e7\u00f5es no trabalho n\u00e3o declarado | Seguran\u00e7a Social"},"content":{"rendered":"<p>O Governo alterou as regras do <a href=\"https:\/\/diariodarepublica.pt\/dr\/legislacao-consolidada\/lei\/2009-34514575\" target=\"_blank\" rel=\"nofollow noopener\">C\u00f3digo dos Regimes Contributivos<\/a> e vai reduzir os encargos das empresas que n\u00e3o declaram os trabalhadores \u00e0 Seguran\u00e7a Social. A partir de Janeiro, passar\u00e1 a presumir-se que o trabalhador iniciou o v\u00ednculo laboral nos tr\u00eas meses anteriores, uma redu\u00e7\u00e3o significativa face aos 12 meses que agora s\u00e3o considerados, noticia o Jornal de Neg\u00f3cios.<\/p>\n<p>A altera\u00e7\u00e3o est\u00e1 prevista num <a href=\"https:\/\/diariodarepublica.pt\/dr\/detalhe\/decreto-lei\/127-2025-967317021\" target=\"_blank\" rel=\"nofollow noopener\">diploma<\/a> publicado na semana passada que, al\u00e9m de rever procedimentos para \u201creduzir custos administrativos e de contexto,\u201d altera o C\u00f3digo Contributivo, que foi aprovado pela Assembleia da Rep\u00fablica.<\/p>\n<p>Com as novas regras, quando uma empresa falhar a comunica\u00e7\u00e3o da admiss\u00e3o de um trabalhador \u00e0 Seguran\u00e7a Social, passa a presumir-se \u2014 se n\u00e3o houver prova em contr\u00e1rio \u2014 que ele \u201ciniciou a presta\u00e7\u00e3o de trabalho ao servi\u00e7o da entidade empregadora faltosa no primeiro dia do terceiro m\u00eas anterior ao da verifica\u00e7\u00e3o do incumprimento\u201d.<\/p>\n<p>Esta situa\u00e7\u00e3o acaba por beneficiar a empresa que, al\u00e9m de uma multa, ter\u00e1 de pagar tr\u00eas meses retroactivos de contribui\u00e7\u00f5es em vez dos actuais 12 meses, enquanto o trabalhador sai a perder porque o reconhecimento da carreira contributiva s\u00f3 abranger\u00e1 esses tr\u00eas meses, com impactos no acesso a presta\u00e7\u00f5es sociais.<\/p>\n<p>Fonte oficial do Minist\u00e9rio do Trabalho, citada pelo <a href=\"https:\/\/www.jornaldenegocios.pt\/economia\/seguranca-social\/detalhe\/governo-reduz-descontos-a-pagar-em-caso-de-trabalho-nao-declarado\" target=\"_blank\" rel=\"nofollow noopener\">Neg\u00f3cios<\/a>, confirma que \u201cse trata de reduzir de 12 meses para tr\u00eas meses a presun\u00e7\u00e3o da data de in\u00edcio de fun\u00e7\u00f5es do trabalhador, no caso de o empregador n\u00e3o efectuar a essa comunica\u00e7\u00e3o \u00e0 institui\u00e7\u00e3o de seguran\u00e7a social\u201d.<\/p>\n<p>E justifica que, \u201cno \u00e2mbito do plano de combate \u00e0 fraude, foi identificada a possibilidade de constitui\u00e7\u00e3o artificial de prazos de garantia para acesso a presta\u00e7\u00f5es que a norma com o prazo actualmente previsto de 12 meses propicia, tendo sido tomada decis\u00e3o de redu\u00e7\u00e3o para tr\u00eas meses desta penaliza\u00e7\u00e3o\u201d.<\/p>\n<p>Estas mudan\u00e7as surgem num momento em que o Governo pretende descriminalizar o <a href=\"https:\/\/www.publico.pt\/2023\/01\/24\/economia\/noticia\/empregadores-nao-declarem-trabalhadores-seguranca-social-arriscam-pena-prisao-2036222\" target=\"_blank\" rel=\"nofollow noopener\">trabalho n\u00e3o declarado<\/a>. No pacote laboral, que esteve na origem da greve geral de 11 de Dezembro, o executivo elimina a norma que considera crime a n\u00e3o declara\u00e7\u00e3o de trabalhadores.<\/p>\n<p>O diploma agora conhecido, e que entra em vigor em Janeiro, prev\u00ea ainda que a empresa possa comunicar o novo v\u00ednculo do trabalhador no pr\u00f3prio dia de admiss\u00e3o.<\/p>\n<p>Agora, a comunica\u00e7\u00e3o \u00e9 obrigatoriamente efectuada \u201cnos quinze dias anteriores ao in\u00edcio da produ\u00e7\u00e3o de efeitos do contrato de trabalho\u201d, o que sugere a v\u00e9spera como limite.<\/p>\n<p>H\u00e1 ainda v\u00e1rias altera\u00e7\u00f5es de procedimentos: a cobran\u00e7a de contribui\u00e7\u00f5es passa a ser, no m\u00e1ximo, at\u00e9 ao dia 25 de cada m\u00eas (em vez de dia 20) e a inscri\u00e7\u00e3o de trabalhadores dom\u00e9sticos ser\u00e1 exclusivamente digital.<\/p>\n","protected":false},"excerpt":{"rendered":"O Governo alterou as regras do C\u00f3digo dos Regimes Contributivos e vai reduzir os encargos das empresas que&hellip;\n","protected":false},"author":2,"featured_media":191057,"comment_status":"","ping_status":"","sticky":false,"template":"","format":"standard","meta":{"footnotes":""},"categories":[8],"tags":[27,28,476,90,15,16,14,25,26,848,21,22,12,13,19,20,32,23,24,33,915,17,18,29,30,31],"class_list":{"0":"post-191056","1":"post","2":"type-post","3":"status-publish","4":"format-standard","5":"has-post-thumbnail","7":"category-principais-noticias","8":"tag-breaking-news","9":"tag-breakingnews","10":"tag-economia","11":"tag-empresas","12":"tag-featured-news","13":"tag-featurednews","14":"tag-headlines","15":"tag-latest-news","16":"tag-latestnews","17":"tag-legislacao-laboral","18":"tag-main-news","19":"tag-mainnews","20":"tag-news","21":"tag-noticias","22":"tag-noticias-principais","23":"tag-noticiasprincipais","24":"tag-portugal","25":"tag-principais-noticias","26":"tag-principaisnoticias","27":"tag-pt","28":"tag-seguranca-social","29":"tag-top-stories","30":"tag-topstories","31":"tag-ultimas","32":"tag-ultimas-noticias","33":"tag-ultimasnoticias"},"share_on_mastodon":{"url":"https:\/\/pubeurope.com\/@pt\/115730912756340554","error":""},"_links":{"self":[{"href":"https:\/\/www.europesays.com\/pt\/wp-json\/wp\/v2\/posts\/191056","targetHints":{"allow":["GET"]}}],"collection":[{"href":"https:\/\/www.europesays.com\/pt\/wp-json\/wp\/v2\/posts"}],"about":[{"href":"https:\/\/www.europesays.com\/pt\/wp-json\/wp\/v2\/types\/post"}],"author":[{"embeddable":true,"href":"https:\/\/www.europesays.com\/pt\/wp-json\/wp\/v2\/users\/2"}],"replies":[{"embeddable":true,"href":"https:\/\/www.europesays.com\/pt\/wp-json\/wp\/v2\/comments?post=191056"}],"version-history":[{"count":0,"href":"https:\/\/www.europesays.com\/pt\/wp-json\/wp\/v2\/posts\/191056\/revisions"}],"wp:featuredmedia":[{"embeddable":true,"href":"https:\/\/www.europesays.com\/pt\/wp-json\/wp\/v2\/media\/191057"}],"wp:attachment":[{"href":"https:\/\/www.europesays.com\/pt\/wp-json\/wp\/v2\/media?parent=191056"}],"wp:term":[{"taxonomy":"category","embeddable":true,"href":"https:\/\/www.europesays.com\/pt\/wp-json\/wp\/v2\/categories?post=191056"},{"taxonomy":"post_tag","embeddable":true,"href":"https:\/\/www.europesays.com\/pt\/wp-json\/wp\/v2\/tags?post=191056"}],"curies":[{"name":"wp","href":"https:\/\/api.w.org\/{rel}","templated":true}]}}