{"id":191060,"date":"2025-12-16T19:33:25","date_gmt":"2025-12-16T19:33:25","guid":{"rendered":"https:\/\/www.europesays.com\/pt\/191060\/"},"modified":"2025-12-16T19:33:25","modified_gmt":"2025-12-16T19:33:25","slug":"estatua-de-oscar-niemeyer-e-instalada-na-casa-de-cha","status":"publish","type":"post","link":"https:\/\/www.europesays.com\/pt\/191060\/","title":{"rendered":"est\u00e1tua de Oscar Niemeyer \u00e9 instalada na Casa de Ch\u00e1"},"content":{"rendered":"<p class=\"texto\"><a href=\"https:\/\/www.correiobraziliense.com.br\/cidades-df\/2025\/12\/7314569-iphan-determina-realocacao-de-estatua-em-homenagem-a-oscar-niemeyer.html\" target=\"_blank\" rel=\"nofollow noopener\">Para comemorar os 118 anos de Oscar Niemeyer<\/a>, celebrados nesta segunda-feira (15\/12), a Casa de Ch\u00e1, caf\u00e9-escola do Senac-DF, na Pra\u00e7a dos Tr\u00eas Poderes, ganhou uma est\u00e1tua de bronze em tamanho real. A cerim\u00f4nia contou com a presen\u00e7a de representantes do governo, de entidades do com\u00e9rcio e de familiares de Niemeyer.<\/p>\n<p class=\"texto\">A Casa de Ch\u00e1 foi escolhida estrategicamente, isso porque o espa\u00e7o foi projetado por Niemeyer. O artista pl\u00e1stico e escultor L\u00e9o Santana, de Minas Gerais, foi o escolhido para a elabora\u00e7\u00e3o da obra. Ele \u00e9 escultor desde 1990 e iniciou trabalhos com bronze em 2000. Uma das obras mais conhecidas \u00e9 a est\u00e1tua de Carlos Drummond de Andrade, na praia de Copacabana, no Rio de Janeiro.<\/p>\n<ul class=\"glide__slides\" style=\"transition: transform 0ms cubic-bezier(0.165, 0.84, 0.44, 1) 0s; width: 2800px; transform: translate3d(0px, 0px, 0px);\">&#13;<br \/>\n            &#13;<\/p>\n<li class=\"glide__slide glide__slide--active\" style=\"width: 685px; margin-right: 10px;\">&#13;<br \/>\n                <img decoding=\"async\" src=\"https:\/\/www.europesays.com\/pt\/wp-content\/uploads\/2025\/12\/1000502621-62182808.jpg\" loading=\"lazy\" width=\"685\" height=\"470\" alt=\" 13.12.2025. Minervino Junior CB\/DA Press. Est\u00e1tua de Oscar Niemeyer em bronze na Casa de Ch\u00e1 com o artista L\u00e9o Santana idealizador do projeto\"\/>&#13;<\/p>\n<p>                    &#13;<br \/>\n                        &#13;<\/p>\n<p> 13.12.2025. Minervino Junior CB\/DA Press. Est\u00e1tua de Oscar Niemeyer em bronze na Casa de Ch\u00e1 com o artista L\u00e9o Santana idealizador do projeto&#13;<br \/>\n                         Minervino Junior CB\/DA Press&#13;\n                    <\/p>\n<p>                &#13;\n            <\/li>\n<p>&#13;<br \/>\n&#13;<\/p>\n<li class=\"glide__slide glide__slide--active\" style=\"width: 685px; margin-right: 10px;\">&#13;<br \/>\n                <img decoding=\"async\" src=\"https:\/\/www.europesays.com\/pt\/wp-content\/uploads\/2025\/12\/1000502630-62182850.jpg\" loading=\"lazy\" width=\"685\" height=\"470\" alt=\" 13.12.2025. Minervino Junior CB\/DA Press. Est\u00e1tua de Oscar Niemeyer em bronze na Casa de Ch\u00e1 com o artista L\u00e9o Santana idealizador do projeto\"\/>&#13;<\/p>\n<p>                    &#13;<br \/>\n                        &#13;<\/p>\n<p> 13.12.2025. Minervino Junior CB\/DA Press. Est\u00e1tua de Oscar Niemeyer em bronze na Casa de Ch\u00e1 com o artista L\u00e9o Santana idealizador do projeto&#13;<br \/>\n                         Minervino Junior CB\/DA Press&#13;\n                    <\/p>\n<p>                &#13;\n            <\/li>\n<p>&#13;<br \/>\n&#13;<\/p>\n<li class=\"glide__slide glide__slide--active\" style=\"width: 685px; margin-right: 10px;\">&#13;<br \/>\n                <img decoding=\"async\" src=\"https:\/\/www.europesays.com\/pt\/wp-content\/uploads\/2025\/12\/img-2964-62182702.jpg\" loading=\"lazy\" width=\"685\" height=\"470\" alt=\" 15\/12\/2025 Bruna Gaston CB\/DA Press. Caf\u00e9-escola Senac Casa de Ch\u00e1. 118 anos Oscar Niemeyer, celebra\u00e7\u00e3o com inaugura\u00e7\u00e3o de est\u00e1tua.Victor Corr\u00eaa Senac       \"\/>&#13;<\/p>\n<p>                    &#13;<br \/>\n                        &#13;<\/p>\n<p> 15\/12\/2025 Bruna Gaston CB\/DA Press. Caf\u00e9-escola Senac Casa de Ch\u00e1. 118 anos Oscar Niemeyer, celebra\u00e7\u00e3o com inaugura\u00e7\u00e3o de est\u00e1tua.Victor Corr\u00eaa Senac       &#13;<br \/>\n                         Bruna Gaston CB\/DA Press&#13;\n                    <\/p>\n<p>                &#13;\n            <\/li>\n<p>&#13;<br \/>\n&#13;<\/p>\n<li id=\"taboola-widget-1-photo-gallery\" class=\"glide__slide taboola-widget\"\/>&#13;<br \/>\n            &#13;<br \/>\n            &#13;<br \/>\n            &#13;<br \/>\n            &#13;<\/p>\n<li class=\"glide__slide glide__slide--active\" style=\"width: 685px; margin-right: 10px;\">&#13;<br \/>\n                <img decoding=\"async\" src=\"https:\/\/www.europesays.com\/pt\/wp-content\/uploads\/2025\/12\/img-2973-62182734.jpg\" loading=\"lazy\" width=\"685\" height=\"470\" alt=\" 15\/12\/2025 Bruna Gaston CB\/DA Press. Caf\u00e9-escola Senac Casa de Ch\u00e1. 118 anos Oscar Niemeyer, celebra\u00e7\u00e3o com inaugura\u00e7\u00e3o de est\u00e1tua. Escultor Leo Santana       \"\/>&#13;<\/p>\n<p>                    &#13;<br \/>\n                        &#13;<\/p>\n<p> 15\/12\/2025 Bruna Gaston CB\/DA Press. Caf\u00e9-escola Senac Casa de Ch\u00e1. 118 anos Oscar Niemeyer, celebra\u00e7\u00e3o com inaugura\u00e7\u00e3o de est\u00e1tua. Escultor Leo Santana       &#13;<br \/>\n                         Bruna Gaston CB\/DA Press&#13;\n                    <\/p>\n<p>                &#13;\n            <\/li>\n<p>&#13;<br \/>\n&#13;<\/p>\n<li class=\"glide__slide glide__slide--active\" style=\"width: 685px; margin-right: 10px;\">&#13;<br \/>\n                <img decoding=\"async\" src=\"https:\/\/www.europesays.com\/pt\/wp-content\/uploads\/2025\/12\/img-2983-62182749.jpg\" loading=\"lazy\" width=\"685\" height=\"470\" alt=\" 15\/12\/2025 Bruna Gaston CB\/DA Press. Caf\u00e9-escola Senac Casa de Ch\u00e1. 118 anos Oscar Niemeyer, celebra\u00e7\u00e3o com inaugura\u00e7\u00e3o de est\u00e1tua.       \"\/>&#13;<\/p>\n<p>                    &#13;<br \/>\n                        &#13;<\/p>\n<p> 15\/12\/2025 Bruna Gaston CB\/DA Press. Caf\u00e9-escola Senac Casa de Ch\u00e1. 118 anos Oscar Niemeyer, celebra\u00e7\u00e3o com inaugura\u00e7\u00e3o de est\u00e1tua.       &#13;<br \/>\n                         Bruna Gaston CB\/DA Press&#13;\n                    <\/p>\n<p>                &#13;\n            <\/li>\n<p>&#13;<br \/>\n&#13;<\/p>\n<li class=\"glide__slide glide__slide--active\" style=\"width: 685px; margin-right: 10px;\">&#13;<br \/>\n                <img decoding=\"async\" src=\"https:\/\/www.europesays.com\/pt\/wp-content\/uploads\/2025\/12\/img-3021-62182769.jpg\" loading=\"lazy\" width=\"685\" height=\"470\" alt=\" 15\/12\/2025 Bruna Gaston CB\/DA Press. Caf\u00e9-escola Senac Casa de Ch\u00e1. 118 anos Oscar Niemeyer, celebra\u00e7\u00e3o com inaugura\u00e7\u00e3o de est\u00e1tua. Cadu Niemeyer       \"\/>&#13;<\/p>\n<p>                    &#13;<br \/>\n                        &#13;<\/p>\n<p> 15\/12\/2025 Bruna Gaston CB\/DA Press. Caf\u00e9-escola Senac Casa de Ch\u00e1. 118 anos Oscar Niemeyer, celebra\u00e7\u00e3o com inaugura\u00e7\u00e3o de est\u00e1tua. Cadu Niemeyer       &#13;<br \/>\n                         Bruna Gaston CB\/DA Press&#13;\n                    <\/p>\n<p>                &#13;\n            <\/li>\n<p>&#13;<br \/>\n&#13;<\/p>\n<li id=\"taboola-widget-2-photo-gallery\" class=\"glide__slide taboola-widget\"\/>&#13;<br \/>\n            &#13;<br \/>\n            &#13;<br \/>\n            &#13;<br \/>\n            &#13;\n                                <\/ul>\n<p class=\"texto\">Ao Correio, o artista explicou o processo de produ\u00e7\u00e3o. \u201cForam quatro meses de dura\u00e7\u00e3o, entre pesquisas sobre a vida de Niemeyer e o encontro da foto dele sentado numa cadeira de forma despojada. Eu gostei daquilo. Mantive a ess\u00eancia, mas decidi faz\u00ea-lo de forma mais despojada, como na \u00e9poca da constru\u00e7\u00e3o de Bras\u00edlia\u201d, disse, acrescentando que a obra representa um sucesso na carreira profissional.<\/p>\n<p class=\"texto\">Vitor C\u00f4rrea, diretor-regional do Senac-DF, falou da import\u00e2ncia do monumento e do ponto dela, na Casa de Ch\u00e1. \u201cEsse projeto (Casa de Ch\u00e1) era um sonho de Niemeyer, que sonhava como um ponto de encontro e descanso. E, agora, as pessoas podem desfrutar do sonho de Niemeyer vendo a presen\u00e7a de Niemeyer aqui para fazer uma foto e manter o legado dele vivo. Ele (escultura) pode estar na \u00e1rea interna, na externa, em \u00e1rea coberta ou em qualquer uma das regi\u00f5es administrativas do DF\u201d, pontuou.<\/p>\n<p class=\"texto\">Cadu Niemeyer, neto de Oscar Niemeyer, fez uma declara\u00e7\u00e3o ao av\u00f4. \u201cA Casa de Ch\u00e1 sempre me pareceu um abra\u00e7o seu. Estar aqui hoje, inaugurando uma escultura sua, me emociona. Voc\u00ea foi mais que um grande arquiteto pra mim. Voc\u00ea foi afeto e exemplo. Todos os dias tento estar a sua altura\u201d, finalizou, emocionado.<\/p>\n<p>Patrim\u00f4nio<\/p>\n<p class=\"texto\">O Instituto do Patrim\u00f4nio Hist\u00f3rico e Art\u00edstico Nacional (Iphan) informou, em nota, que n\u00e3o foi previamente consultado sobre a instala\u00e7\u00e3o de uma escultura em homenagem a Oscar Niemeyer nas proximidades da Casa de Ch\u00e1. Segundo o \u00f3rg\u00e3o, a consulta \u00e9 uma exig\u00eancia do Decreto-lei n\u00ba 25\/37, que organiza a prote\u00e7\u00e3o do patrim\u00f4nio hist\u00f3rico e art\u00edstico nacional no Brasil, instituindo o tombamento como principal instrumento para preservar bens culturais. Diante disso, a Superintend\u00eancia do Iphan no Distrito Federal solicitou os devidos esclarecimentos e realizou uma vistoria no local nesta segunda.<\/p>\n<p class=\"texto\">\u201cO Iphan tamb\u00e9m esclarece que considera justa a homenagem ao arquiteto, raz\u00e3o pela qual ir\u00e1 orientar aos respons\u00e1veis a realoca\u00e7\u00e3o da escultura, em local compat\u00edvel com a legisla\u00e7\u00e3o de preserva\u00e7\u00e3o de bens culturais e em respeito \u00e0 concep\u00e7\u00e3o urban\u00edstica da Pra\u00e7a dos Tr\u00eas Poderes. Todas as recomenda\u00e7\u00f5es ser\u00e3o encaminhadas ao Senac nesta semana.\u201d<\/p>\n<p class=\"texto\">O Senac-DF esclareceu, em nota posterior, que a escultura em bronze faz parte do circuito cultural de arte e educa\u00e7\u00e3o do Senac-DF, junto com outras obras de artistas renomados. Afirmou que recebeu a vistoria do Iphan na manh\u00e3 desta segunda-feira e j\u00e1 est\u00e1 em tratativas com o \u00f3rg\u00e3o para se adequar \u00e0s exig\u00eancias t\u00e9cnicas, garantindo que todas as recomenda\u00e7\u00f5es apontadas ser\u00e3o cumpridas. \u201cO Senac-DF reafirma o seu compromisso com o patrim\u00f4nio, a mem\u00f3ria e a hist\u00f3ria de Bras\u00edlia, celebrando os 118 anos do nascimento do arquiteto que projetou a Casa de Ch\u00e1, espa\u00e7o que j\u00e1 recebeu mais de 245 mil visitantes em 18 meses de administra\u00e7\u00e3o do Senac.\u201d<\/p>\n<ul>\n<li><a href=\"https:\/\/wa.me\/?text=118+anos+de+hist%C3%B3ria%3A+est%C3%A1tua+de+Oscar+Niemeyer+%C3%A9+instalada+na+Casa+de+Ch%C3%A1%20https:\/\/www.correiobraziliense.com.br\/cidades-df\/2025\/12\/7314682-118-anos-de-historia-estatua-de-oscar-niemeyer-e-instalada-na-casa-de-cha.html\" target=\"_blank\" title=\"Whatsapp\" aria-label=\"WhatsApp\" rel=\"nofollow noopener\"><\/a><\/li>\n<li><a href=\"https:\/\/www.facebook.com\/sharer.php?u=https:\/\/www.correiobraziliense.com.br%2Fcidades-df%2F2025%2F12%2F7314682-118-anos-de-historia-estatua-de-oscar-niemeyer-e-instalada-na-casa-de-cha.html&amp;text=118+anos+de+hist%C3%B3ria%3A+est%C3%A1tua+de+Oscar+Niemeyer+%C3%A9+instalada+na+Casa+de+Ch%C3%A1\" target=\"_blank\" title=\"Facebook\" aria-label=\"Facebook\" rel=\"nofollow noopener\"><\/a><\/li>\n<li><a href=\"https:\/\/twitter.com\/intent\/tweet?url=https:\/\/www.correiobraziliense.com.br%2Fcidades-df%2F2025%2F12%2F7314682-118-anos-de-historia-estatua-de-oscar-niemeyer-e-instalada-na-casa-de-cha.html&amp;text=118+anos+de+hist%C3%B3ria%3A+est%C3%A1tua+de+Oscar+Niemeyer+%C3%A9+instalada+na+Casa+de+Ch%C3%A1\" target=\"_blank\" title=\"Twitter\" aria-label=\"Twitter\" rel=\"nofollow noopener\"><\/a><\/li>\n<li><a href=\"https:\/\/profile.google.com\/cp\/CgovbS8wNzZ0dms1\" title=\"Google Discover\" target=\"_blank\" aria-label=\"Google Discover\" rel=\"nofollow noopener\"><img decoding=\"async\" src=\"https:\/\/www.europesays.com\/pt\/wp-content\/uploads\/2025\/12\/google-discover-icon.png\" style=\"height: 25px; margin: 0 !important; margin-left: 3px;\" alt=\"Google Discover Icon\"\/><\/a><\/li>\n<\/ul>\n<p>              <a href=\"https:\/\/www.correiobraziliense.com.br\/autor\/darcianne-diogo\/page\/1\/\" style=\"height: 100%;\" rel=\"nofollow noopener\" target=\"_blank\"><img decoding=\"async\" class=\"hidden-print author-circle d-block h6 mt-0 mb-0 mr-6 text-center\" src=\"https:\/\/www.europesays.com\/pt\/wp-content\/uploads\/2025\/12\/darcianne_diogo-29857578.png\" alt=\"\" width=\"40\" height=\"40\" loading=\"lazy\" style=\"object-fit:cover; width: 40px; height: 40px; margin-right:10px;\"\/><\/a><a href=\"https:\/\/www.correiobraziliense.com.br\/autor\/darcianne-diogo\/page\/1\/\" rel=\"nofollow noopener\" target=\"_blank\"><img decoding=\"async\" class=\"hidden-print author-circle d-block h6 mt-0 mb-0 mr-6 text-center\" src=\"https:\/\/www.europesays.com\/pt\/wp-content\/uploads\/2025\/12\/darcianne_diogo-29857578.png\" alt=\"\" width=\"40\" height=\"40\" loading=\"lazy\" style=\"object-fit:cover; width: 40px; height: 40px; margin-right:10px;\"\/><\/a>Darcianne Diogo  <strong class=\"entryStrongAuthor\">Rep\u00f3rter <\/strong><\/p>\n<p class=\"entryDescricaoAuthor\">Formada em jornalismo pelo Centro Universit\u00e1rio Iesb, \u00e9 especializada na cobertura da \u00e1rea de seguran\u00e7a p\u00fablica e p\u00f3s-graduada em jornalismo investigativo. Integra a equipe do Correio desde 2018<\/p>\n<p>                          <script async src=\"https:\/\/platform.twitter.com\/widgets.js\" charset=\"utf-8\"><\/script><\/p>\n","protected":false},"excerpt":{"rendered":"Para comemorar os 118 anos de Oscar Niemeyer, celebrados nesta segunda-feira (15\/12), a Casa de Ch\u00e1, caf\u00e9-escola do&hellip;\n","protected":false},"author":2,"featured_media":191061,"comment_status":"","ping_status":"","sticky":false,"template":"","format":"standard","meta":{"footnotes":""},"categories":[144],"tags":[207,205,206,203,201,202,726,38500,204,114,115,36953,38501,38502,1409,8297,32,33],"class_list":{"0":"post-191060","1":"post","2":"type-post","3":"status-publish","4":"format-standard","5":"has-post-thumbnail","7":"category-arte-e-design","8":"tag-arte","9":"tag-arte-e-design","10":"tag-artedesign","11":"tag-arts","12":"tag-arts-and-design","13":"tag-artsanddesign","14":"tag-brasil","15":"tag-culturais","16":"tag-design","17":"tag-entertainment","18":"tag-entretenimento","19":"tag-iphan","20":"tag-le","21":"tag-niemeyer","22":"tag-oscar","23":"tag-oscar-niemeyer","24":"tag-portugal","25":"tag-pt"},"share_on_mastodon":{"url":"https:\/\/pubeurope.com\/@pt\/115730920758419010","error":""},"_links":{"self":[{"href":"https:\/\/www.europesays.com\/pt\/wp-json\/wp\/v2\/posts\/191060","targetHints":{"allow":["GET"]}}],"collection":[{"href":"https:\/\/www.europesays.com\/pt\/wp-json\/wp\/v2\/posts"}],"about":[{"href":"https:\/\/www.europesays.com\/pt\/wp-json\/wp\/v2\/types\/post"}],"author":[{"embeddable":true,"href":"https:\/\/www.europesays.com\/pt\/wp-json\/wp\/v2\/users\/2"}],"replies":[{"embeddable":true,"href":"https:\/\/www.europesays.com\/pt\/wp-json\/wp\/v2\/comments?post=191060"}],"version-history":[{"count":0,"href":"https:\/\/www.europesays.com\/pt\/wp-json\/wp\/v2\/posts\/191060\/revisions"}],"wp:featuredmedia":[{"embeddable":true,"href":"https:\/\/www.europesays.com\/pt\/wp-json\/wp\/v2\/media\/191061"}],"wp:attachment":[{"href":"https:\/\/www.europesays.com\/pt\/wp-json\/wp\/v2\/media?parent=191060"}],"wp:term":[{"taxonomy":"category","embeddable":true,"href":"https:\/\/www.europesays.com\/pt\/wp-json\/wp\/v2\/categories?post=191060"},{"taxonomy":"post_tag","embeddable":true,"href":"https:\/\/www.europesays.com\/pt\/wp-json\/wp\/v2\/tags?post=191060"}],"curies":[{"name":"wp","href":"https:\/\/api.w.org\/{rel}","templated":true}]}}