{"id":191062,"date":"2025-12-16T19:35:09","date_gmt":"2025-12-16T19:35:09","guid":{"rendered":"https:\/\/www.europesays.com\/pt\/191062\/"},"modified":"2025-12-16T19:35:09","modified_gmt":"2025-12-16T19:35:09","slug":"francisco-monteiro-e-teresa-silva-discutem-em-direto-se-quiserem-podem-tirar-me-daqui-secret-story","status":"publish","type":"post","link":"https:\/\/www.europesays.com\/pt\/191062\/","title":{"rendered":"Francisco Monteiro e Teresa Silva discutem em direto: \u00abSe quiserem podem tirar-me daqui\u00bb &#8211; Secret Story"},"content":{"rendered":"<p>No Secret Story 9, os concorrentes iniciam uma nova din\u00e2mica.\u00a0\u00abQuem \u00e9 o melhor conselheiro da casa?\u00bb H\u00e1 respostas surpreendentes e novas discuss\u00f5es.\u00a0Marisa acaba por escolher Leandro e o marido, Pedro Jorge, fica chateado. No \u00daltima Hora, os comentadores Francisco Monteiro, Teresa Silva e Ant\u00f3nio Leal e Silva comentam a rela\u00e7\u00e3o do casal. Em est\u00fadio vivem-se tamb\u00e9m confrontos.<\/p>\n<p><strong>J\u00e1 pode votar para salvar o seu concorrente favorito. Vote atrav\u00e9s da App TVI Reality ou das linhas telef\u00f3nicas.<\/strong><\/p>\n<p>VOTA\u00c7\u00c3O PARA SALVAR:<\/p>\n<p>F\u00c1BIO \u2013 761 20 20 08<\/p>\n<p>IN\u00caS \u2013 761 20 20 10<\/p>\n<p>PEDRO \u2013 761 20 20 18<\/p>\n<p><strong><a href=\"https:\/\/tvi.iol.pt\/secretstory\/aominuto\" rel=\"nofollow noopener\" target=\"_blank\">Acompanhe ao minuto, tudo o que se passa dentro da casa mais vigiada do Pa\u00eds.<\/a><\/strong><\/p>\n","protected":false},"excerpt":{"rendered":"No Secret Story 9, os concorrentes iniciam uma nova din\u00e2mica.\u00a0\u00abQuem \u00e9 o melhor conselheiro da casa?\u00bb H\u00e1 respostas&hellip;\n","protected":false},"author":2,"featured_media":191063,"comment_status":"","ping_status":"","sticky":false,"template":"","format":"standard","meta":{"footnotes":""},"categories":[142],"tags":[19230,19231,114,115,19229,32,33,151],"class_list":{"0":"post-191062","1":"post","2":"type-post","3":"status-publish","4":"format-standard","5":"has-post-thumbnail","7":"category-tv","8":"tag-analises-tvi","9":"tag-debates-casa-dos-segredos","10":"tag-entertainment","11":"tag-entretenimento","12":"tag-opiniao-comentadores","13":"tag-portugal","14":"tag-pt","15":"tag-tv"},"share_on_mastodon":{"url":"https:\/\/pubeurope.com\/@pt\/115730928491032529","error":""},"_links":{"self":[{"href":"https:\/\/www.europesays.com\/pt\/wp-json\/wp\/v2\/posts\/191062","targetHints":{"allow":["GET"]}}],"collection":[{"href":"https:\/\/www.europesays.com\/pt\/wp-json\/wp\/v2\/posts"}],"about":[{"href":"https:\/\/www.europesays.com\/pt\/wp-json\/wp\/v2\/types\/post"}],"author":[{"embeddable":true,"href":"https:\/\/www.europesays.com\/pt\/wp-json\/wp\/v2\/users\/2"}],"replies":[{"embeddable":true,"href":"https:\/\/www.europesays.com\/pt\/wp-json\/wp\/v2\/comments?post=191062"}],"version-history":[{"count":0,"href":"https:\/\/www.europesays.com\/pt\/wp-json\/wp\/v2\/posts\/191062\/revisions"}],"wp:featuredmedia":[{"embeddable":true,"href":"https:\/\/www.europesays.com\/pt\/wp-json\/wp\/v2\/media\/191063"}],"wp:attachment":[{"href":"https:\/\/www.europesays.com\/pt\/wp-json\/wp\/v2\/media?parent=191062"}],"wp:term":[{"taxonomy":"category","embeddable":true,"href":"https:\/\/www.europesays.com\/pt\/wp-json\/wp\/v2\/categories?post=191062"},{"taxonomy":"post_tag","embeddable":true,"href":"https:\/\/www.europesays.com\/pt\/wp-json\/wp\/v2\/tags?post=191062"}],"curies":[{"name":"wp","href":"https:\/\/api.w.org\/{rel}","templated":true}]}}