{"id":191080,"date":"2025-12-16T19:47:19","date_gmt":"2025-12-16T19:47:19","guid":{"rendered":"https:\/\/www.europesays.com\/pt\/191080\/"},"modified":"2025-12-16T19:47:19","modified_gmt":"2025-12-16T19:47:19","slug":"grafiteiro-carioca-faz-mural-de-438-metros-quadrados-na-periferia-de-sao-paulo","status":"publish","type":"post","link":"https:\/\/www.europesays.com\/pt\/191080\/","title":{"rendered":"Grafiteiro carioca faz mural de 438 metros quadrados na periferia de S\u00e3o Paulo"},"content":{"rendered":"<p>\n                        Cria do sub\u00farbio, o artista visual, grafiteiro e designer gr\u00e1fico inaugura sua primeira obra em grande escala em S\u00e3o Paulo\n                    <\/p>\n<ul class=\"article__header__author\">\n                                    <a href=\"https:\/\/www.instagram.com\/mzibordi\/\" target=\"_blank\" rel=\"nofollow noopener\">                                    <\/p>\n<li class=\"article__header__author__item\">\n                                                                                    <img loading=\"lazy\" decoding=\"async\" src=\"https:\/\/www.europesays.com\/pt\/wp-content\/uploads\/2025\/11\/1-1iv4b8zuo2ek6.jfif.jpeg\" width=\"32\" height=\"32\" title=\"Marcos Zibordi\" alt=\"Marcos Zibordi\" class=\"author-picture\"\/><br \/>\n                                                                            Por:<br \/>\n                                                                                    Marcos Zibordi\n                                                                        <\/li>\n<p>                                <\/a>                        <\/ul>\n<p>\n                        <b style=\"margin-bottom: 8px; display: inline-block;\">Resumo<\/b><br \/>O grafiteiro carioca Ramon Lid inaugurou um mural de 438m\u00b2 na Cidade Tiradentes, em S\u00e3o Paulo, destacando os sonhos e talentos das periferias em uma obra repleta de reflex\u00f5es sociais e culturais.\n                    <\/p>\n<p><img loading=\"lazy\" decoding=\"async\" alt=\"Mural coloca a periferia no centro do olhar ao sugerir um mergulho atento e sens\u00edvel para as crian\u00e7as e o direito ao sonho.\" class=\"img-5ba4f6d4140ae4479d320aa2dd5b68e1u9n8ljwi\" height=\"359\" src=\"https:\/\/www.europesays.com\/pt\/wp-content\/uploads\/2025\/12\/copia-de-img_5229-pano-qxw5s9vl7ujm.jpg\"  title=\"Mural coloca a periferia no centro do olhar ao sugerir um mergulho atento e sens\u00edvel para as crian\u00e7as e o direito ao sonho.\" width=\"774\"\/><\/p>\n<p>Mural coloca a periferia no centro do olhar ao sugerir um mergulho atento e sens\u00edvel para as crian\u00e7as e o direito ao sonho.<\/p>\n<p>Foto: Sueliton Lima<\/p>\n<p class=\"text\">Natural da Baixada Fluminense, <strong>Ramon Lid <\/strong>desembarca na <a href=\"https:\/\/www.terra.com.br\/visao-do-corre\/cidade-tiradentes-de-area-rural-a-epicentro-do-funk-em-sao-paulo,5099edf31a9645989c38b44a2a0c8f92u866u3ns.html\" rel=\"nofollow noopener\" target=\"_blank\">Cidade Tiradentes<\/a>, um dos maiores bairros perif\u00e9ricos de S\u00e3o Paulo, com sua primeira obra na cidade. Com 438m\u00b2, o mural <strong>A Crian\u00e7a que Brincava com o Tempo, Quase Todo o Tempo<\/strong> foi instalado na \u00e1rea externa do Centro de Forma\u00e7\u00e3o Cultural (CFCCT).<\/p>\n<p class=\"text\">&#8220;Trago a imagem desse garoto sorrindo, livre para sonhar. Esse garoto representa tantos outros que est\u00e3o aqui na <a href=\"https:\/\/www.terra.com.br\/visao-do-corre\/role-de-quebrada\/formiguinhas-do-amor-a-vida-gigante-de-vovo-luceli-em-cidade-tiradentes-periferia-de-sp,6fe8239a97fd1a73c316cc7d7a8b7d1584enqr4c.html\" rel=\"nofollow noopener\" target=\"_blank\">Cidade Tiradentes<\/a> ou em outras <strong>periferias<\/strong>, esses territ\u00f3rios cheios de cultura e talentos, que precisam ser mais visibilizados\u201d, diz Ramon.<\/p>\n<p class=\"text\">Segundo o artista, \u201cesse garoto tamb\u00e9m representa a crian\u00e7a que j\u00e1 fui e que hoje est\u00e1 realizando esse <strong>sonho coletivo de ser artista<\/strong>. O intuito \u00e9 colocar essa semente e reavivar a crian\u00e7a interna que cada ser humano tem de acreditar nos seus sonhos\u201d.<\/p>\n<p class=\"text\">Instalado no maior equipamento cultural da Zona Leste, o mural dialoga diretamente com essa ideia de sonho. Desde 2012, o <strong>Centro de Forma\u00e7\u00e3o Cultural<\/strong> atua como polo de cultura, forma\u00e7\u00e3o e conviv\u00eancia, oferecendo acesso a arte e oportunidades.<\/p>\n<p><img alt=\"Cria da Baixada Fluminense, Ramon Lid produziu mais de 20 murais. Em S\u00e3o Paulo, fez o primeiro e far\u00e1 outros trabalhos sobre a zona leste.\" class=\"img-ac8cd3de2a88a8f8e753f0ea7af3af78w849mjoy\" decoding=\"async\" height=\"516\" loading=\"lazy\" src=\"https:\/\/www.europesays.com\/pt\/wp-content\/uploads\/2025\/12\/img_3514-u82g1d2utr8z.jpg\"  title=\"Cria da Baixada Fluminense, Ramon Lid produziu mais de 20 murais. Em S\u00e3o Paulo, fez o primeiro e far\u00e1 outros trabalhos sobre a zona leste.\" width=\"774\"\/><\/p>\n<p>Cria da Baixada Fluminense, Ramon Lid produziu mais de 20 murais. Em S\u00e3o Paulo, fez o primeiro e far\u00e1 outros trabalhos sobre a zona leste.<\/p>\n<p>Foto: Sueliton Lima<\/p>\n<p>Quem \u00e9 o grafiteiro Ramon Lid?<\/p>\n<p class=\"text\">Nascido em 1989 na <a href=\"https:\/\/www.terra.com.br\/visao-do-corre\/role-de-quebrada\/gratuito-festival-ocupa-praca-com-literatura-periferica-na-baixada-fluminense,6e610db3765fd987b88796bd00ae7ba91quu899l.html\" rel=\"nofollow noopener\" target=\"_blank\">Baixada Fluminense<\/a> e residente da zona norte do Rio desde 2018, Ramon Lid tem mais de 20 murais produzidos em diversos pontos do <strong>Rio de Janeiro<\/strong> e estados como Santa Catarina, al\u00e9m de participa\u00e7\u00e3o em dez exposi\u00e7\u00f5es de arte e 18 festivais de grafite.\u00a0<\/p>\n<p class=\"text\">Sua produ\u00e7\u00e3o parte de fragmentos do cotidiano, atravessando diferentes perspectivas do cen\u00e1rio carioca, da Baixada ao Sub\u00farbio, e traduz esses olhares em composi\u00e7\u00f5es figurativas que <strong>carregam viv\u00eancias<\/strong>, afetos, mem\u00f3rias e reflex\u00f5es sobre o fazer art\u00edstico.<\/p>\n<p class=\"text\">O artista define suas obras como cr\u00f4nicas visuais: narrativas sens\u00edveis de elementos comuns, ressignificados a partir de um <strong>olhar social<\/strong>. Al\u00e9m do mural, o artista ir\u00e1 produzir cart\u00f5es postais da <a href=\"https:\/\/www.terra.com.br\/visao-do-corre\/6-curiosidades-do-distrito-de-sp-com-nome-do-heroi-mineiro,1e5d7683facad5e0b0f64945278e8a76y9wtzuch.html\" rel=\"nofollow noopener\" target=\"_blank\">Cidade Tiradentes<\/a> com a imagem dessa obra.<\/p>\n<p class=\"text\">A produ\u00e7\u00e3o na zona leste contou com a assist\u00eancia dos artistas Cety Soledad, Rote e Rasmok. A produ\u00e7\u00e3o \u00e9 assinada por Juliane Barreto e Acervo das Anjas, com viabiliza\u00e7\u00e3o do MAR (<strong>Museu de Arte de Rua de S\u00e3o Paulo<\/strong>).\u00a0<\/p>\n<p>                            <script async src=\"\/\/www.instagram.com\/embed.js\"><\/script><\/p>\n","protected":false},"excerpt":{"rendered":"Cria do sub\u00farbio, o artista visual, grafiteiro e designer gr\u00e1fico inaugura sua primeira obra em grande escala em&hellip;\n","protected":false},"author":2,"featured_media":191081,"comment_status":"","ping_status":"","sticky":false,"template":"","format":"standard","meta":{"footnotes":""},"categories":[144],"tags":[207,205,206,203,201,202,204,114,115,32,33],"class_list":{"0":"post-191080","1":"post","2":"type-post","3":"status-publish","4":"format-standard","5":"has-post-thumbnail","7":"category-arte-e-design","8":"tag-arte","9":"tag-arte-e-design","10":"tag-artedesign","11":"tag-arts","12":"tag-arts-and-design","13":"tag-artsanddesign","14":"tag-design","15":"tag-entertainment","16":"tag-entretenimento","17":"tag-portugal","18":"tag-pt"},"share_on_mastodon":{"url":"https:\/\/pubeurope.com\/@pt\/115730975804389827","error":""},"_links":{"self":[{"href":"https:\/\/www.europesays.com\/pt\/wp-json\/wp\/v2\/posts\/191080","targetHints":{"allow":["GET"]}}],"collection":[{"href":"https:\/\/www.europesays.com\/pt\/wp-json\/wp\/v2\/posts"}],"about":[{"href":"https:\/\/www.europesays.com\/pt\/wp-json\/wp\/v2\/types\/post"}],"author":[{"embeddable":true,"href":"https:\/\/www.europesays.com\/pt\/wp-json\/wp\/v2\/users\/2"}],"replies":[{"embeddable":true,"href":"https:\/\/www.europesays.com\/pt\/wp-json\/wp\/v2\/comments?post=191080"}],"version-history":[{"count":0,"href":"https:\/\/www.europesays.com\/pt\/wp-json\/wp\/v2\/posts\/191080\/revisions"}],"wp:featuredmedia":[{"embeddable":true,"href":"https:\/\/www.europesays.com\/pt\/wp-json\/wp\/v2\/media\/191081"}],"wp:attachment":[{"href":"https:\/\/www.europesays.com\/pt\/wp-json\/wp\/v2\/media?parent=191080"}],"wp:term":[{"taxonomy":"category","embeddable":true,"href":"https:\/\/www.europesays.com\/pt\/wp-json\/wp\/v2\/categories?post=191080"},{"taxonomy":"post_tag","embeddable":true,"href":"https:\/\/www.europesays.com\/pt\/wp-json\/wp\/v2\/tags?post=191080"}],"curies":[{"name":"wp","href":"https:\/\/api.w.org\/{rel}","templated":true}]}}