{"id":191088,"date":"2025-12-16T19:53:10","date_gmt":"2025-12-16T19:53:10","guid":{"rendered":"https:\/\/www.europesays.com\/pt\/191088\/"},"modified":"2025-12-16T19:53:10","modified_gmt":"2025-12-16T19:53:10","slug":"dia-d-de-combate-a-dengue-e-realizado-em-imperatriz","status":"publish","type":"post","link":"https:\/\/www.europesays.com\/pt\/191088\/","title":{"rendered":"Dia D de combate \u00e0 dengue \u00e9 realizado em Imperatriz"},"content":{"rendered":"<p><img decoding=\"async\" class=\"img-responsive\" src=\"https:\/\/www.europesays.com\/pt\/wp-content\/uploads\/2025\/12\/IMG_6906_NjWPSM0.jpeg\" width=\"750\" alt=\"Dia D de combate \u00e0 dengue \u00e9 realizado em Imperatriz\"\/><\/p>\n<p class=\"post-detail__content__image__caption__text\"> Agentes realizam visitas domiciliares para identificar poss\u00edveis focos de dengue. (Foto: Santiago Silva)<\/p>\n<p style=\"text-align:justify\">Com o objetivo de intensificar as a\u00e7\u00f5es de combate ao o mosquito Aedes aegypti, transmissor da dengue, zika e chikungunya, a Prefeitura de Imperatriz, por meio da Secretaria Municipal de Sa\u00fade (SEMUS) realizou nesta ter\u00e7a-feira (16), o dia D de combate \u00e0 dengue. A a\u00e7\u00e3o concentrou-se na regi\u00e3o do grande bacuri. Visitas domiciliares com orienta\u00e7\u00f5es, panfletagem e coloca\u00e7\u00e3o de cartazes em pontos de maior circula\u00e7\u00e3o da comunidade foram realizadas pela equipe.\u00a0<\/p>\n<p style=\"text-align:justify\">\u201cNosso foco principal nesta mobiliza\u00e7\u00e3o \u00e9 eliminar criadouros do mosquito Aedes aegypti, refor\u00e7ando a preven\u00e7\u00e3o contra dengue, zika e chikungunya, por isso, escolhemos as \u00e1reas de acordo com o maior n\u00famero de arboviroses confirmadas. At\u00e9 o dia 30 de Novembro do ano corrente, identificamos que o bacuri foi onde tivemos a maior incid\u00eancia de casos de arboviroses\u201d, explicou o coordenador do Controle de Vetores, Alan Dantas.\u00a0<\/p>\n<p style=\"text-align:justify\">Segundo os dados apresentados, o bairro que recebeu a a\u00e7\u00e3o ano passado, o Parque S\u00e3o Jos\u00e9, teve uma queda de 97,5% no n\u00famero de casos das arboviroses. Em 2024 foram identificados 59 casos de dengue e 21 de chikungunya (confirmados em laborat\u00f3rio) na comunidade. J\u00e1 em 2025, at\u00e9 o m\u00eas de novembro, foram identificados apenas 2 casos de dengue. \u201cAlmejamos ter um resultado semelhante no bacuri\u201d, disse o coordenador.\u00a0<\/p>\n<p style=\"text-align:justify\">Al\u00e9m do dia D de combate \u00e0 dengue, a Prefeitura mant\u00e9m o trabalho intenso durante todo o ano na cidade, o que resultou na queda de 87,6% no n\u00famero de casos de dengue em Imperatriz no ano de 2025, se comparado a 2024, enquanto o Maranh\u00e3o teve queda de 52% no mesmo per\u00edodo.\u00a0<\/p>\n<p style=\"text-align:justify\">S\u00e3o realizadas visitas domiciliares em ciclos bimestrais nos 160.037 mil domic\u00edlios catalogados. E nos pontos estrat\u00e9gicos com maior probabilidade de prolifera\u00e7\u00e3o, s\u00e3o realizadas visitas uma vez a cada 15 dias. E quando s\u00e3o encontradas larvas, \u00e9 feito bloqueio por meio de dedetiza\u00e7\u00e3o. E em situa\u00e7\u00f5es mais cr\u00edticas, quando s\u00e3o encontradas \u00e1reas com maior risco de prolifera\u00e7\u00e3o (surto), outras medidas s\u00e3o adotadas para elimina\u00e7\u00e3o do mosquito, bem como o uso do fumac\u00ea, uma estrat\u00e9gia adicional para controle da dengue.<\/p>\n","protected":false},"excerpt":{"rendered":"Agentes realizam visitas domiciliares para identificar poss\u00edveis focos de dengue. (Foto: Santiago Silva) Com o objetivo de intensificar&hellip;\n","protected":false},"author":2,"featured_media":191089,"comment_status":"","ping_status":"","sticky":false,"template":"","format":"standard","meta":{"footnotes":""},"categories":[86],"tags":[116,32,33,117],"class_list":{"0":"post-191088","1":"post","2":"type-post","3":"status-publish","4":"format-standard","5":"has-post-thumbnail","7":"category-saude","8":"tag-health","9":"tag-portugal","10":"tag-pt","11":"tag-saude"},"share_on_mastodon":{"url":"https:\/\/pubeurope.com\/@pt\/115730999466832759","error":""},"_links":{"self":[{"href":"https:\/\/www.europesays.com\/pt\/wp-json\/wp\/v2\/posts\/191088","targetHints":{"allow":["GET"]}}],"collection":[{"href":"https:\/\/www.europesays.com\/pt\/wp-json\/wp\/v2\/posts"}],"about":[{"href":"https:\/\/www.europesays.com\/pt\/wp-json\/wp\/v2\/types\/post"}],"author":[{"embeddable":true,"href":"https:\/\/www.europesays.com\/pt\/wp-json\/wp\/v2\/users\/2"}],"replies":[{"embeddable":true,"href":"https:\/\/www.europesays.com\/pt\/wp-json\/wp\/v2\/comments?post=191088"}],"version-history":[{"count":0,"href":"https:\/\/www.europesays.com\/pt\/wp-json\/wp\/v2\/posts\/191088\/revisions"}],"wp:featuredmedia":[{"embeddable":true,"href":"https:\/\/www.europesays.com\/pt\/wp-json\/wp\/v2\/media\/191089"}],"wp:attachment":[{"href":"https:\/\/www.europesays.com\/pt\/wp-json\/wp\/v2\/media?parent=191088"}],"wp:term":[{"taxonomy":"category","embeddable":true,"href":"https:\/\/www.europesays.com\/pt\/wp-json\/wp\/v2\/categories?post=191088"},{"taxonomy":"post_tag","embeddable":true,"href":"https:\/\/www.europesays.com\/pt\/wp-json\/wp\/v2\/tags?post=191088"}],"curies":[{"name":"wp","href":"https:\/\/api.w.org\/{rel}","templated":true}]}}