{"id":19109,"date":"2025-08-07T00:17:16","date_gmt":"2025-08-07T00:17:16","guid":{"rendered":"https:\/\/www.europesays.com\/pt\/19109\/"},"modified":"2025-08-07T00:17:16","modified_gmt":"2025-08-07T00:17:16","slug":"altice-corta-1-000-empregos-em-portugal-para-se-adaptar-a-ia","status":"publish","type":"post","link":"https:\/\/www.europesays.com\/pt\/19109\/","title":{"rendered":"Altice corta 1.000 empregos em Portugal para se adaptar \u00e0 IA"},"content":{"rendered":"<p>&#13;<br \/>\nDe acordo com ag\u00eancia financeira, cerca de 800 trabalhadores aderiram a um programa de rescis\u00e3o contratual em julho, que cita o presidente do sindicato dos trabalhadores da Altice Portugal, Jorge F\u00e9lix, somando-se aos 200 que j\u00e1 tinham acordado em sair.&#13;\n<\/p>\n<p>A Bloomberg refere que contactou fonte oficial da dona da Meo, que declinou comentar os cortes de empregos em Portugal.<\/p>\n<p>&#8220;N\u00e3o podemos negar que a Altice precisa de se adaptar ao aumento da automa\u00e7\u00e3o e da IA&#8221;, salientou o respons\u00e1vel sindical em entrevista telef\u00f3nica \u00e0 Bloomberg. <\/p>\n<p>&#8220;Tamb\u00e9m \u00e9 verdade que a Altice precisa cortar custos e reduzir d\u00edvidas, e que essas medidas tamb\u00e9m tornam a empresa mais atraente para um poss\u00edvel comprador&#8221;, acrescentou.<\/p>\n<p>Em 29 de agosto do ano passado, o administrador financeiro (CFO) do grupo Altice, Malo Corbin, afastou a venda da dona da Meo, mas admitiu que o grupo continuaria a analisar oportunidades, nomeadamente a venda de alguns ativos da Altice Portugal.<\/p>\n<p>A operadora de telecomunica\u00e7\u00f5es tem investido em IA, num mercado que cada vez mais aposta na tecnologia e mais concorrencial com a entrada da Digi, que tem ofertas de baixo custo.&#13;\n<\/p>\n<p>&#13;<br \/>\n\u00a0&#13;<\/p>\n","protected":false},"excerpt":{"rendered":"&#13; De acordo com ag\u00eancia financeira, cerca de 800 trabalhadores aderiram a um programa de rescis\u00e3o contratual em&hellip;\n","protected":false},"author":2,"featured_media":19110,"comment_status":"","ping_status":"","sticky":false,"template":"","format":"standard","meta":{"footnotes":""},"categories":[83],"tags":[7086,88,89,90,7085,32,33],"class_list":{"0":"post-19109","1":"post","2":"type-post","3":"status-publish","4":"format-standard","5":"has-post-thumbnail","7":"category-empresas","8":"tag-altice","9":"tag-business","10":"tag-economy","11":"tag-empresas","12":"tag-ia-bloomberg","13":"tag-portugal","14":"tag-pt"},"share_on_mastodon":{"url":"","error":""},"_links":{"self":[{"href":"https:\/\/www.europesays.com\/pt\/wp-json\/wp\/v2\/posts\/19109","targetHints":{"allow":["GET"]}}],"collection":[{"href":"https:\/\/www.europesays.com\/pt\/wp-json\/wp\/v2\/posts"}],"about":[{"href":"https:\/\/www.europesays.com\/pt\/wp-json\/wp\/v2\/types\/post"}],"author":[{"embeddable":true,"href":"https:\/\/www.europesays.com\/pt\/wp-json\/wp\/v2\/users\/2"}],"replies":[{"embeddable":true,"href":"https:\/\/www.europesays.com\/pt\/wp-json\/wp\/v2\/comments?post=19109"}],"version-history":[{"count":0,"href":"https:\/\/www.europesays.com\/pt\/wp-json\/wp\/v2\/posts\/19109\/revisions"}],"wp:featuredmedia":[{"embeddable":true,"href":"https:\/\/www.europesays.com\/pt\/wp-json\/wp\/v2\/media\/19110"}],"wp:attachment":[{"href":"https:\/\/www.europesays.com\/pt\/wp-json\/wp\/v2\/media?parent=19109"}],"wp:term":[{"taxonomy":"category","embeddable":true,"href":"https:\/\/www.europesays.com\/pt\/wp-json\/wp\/v2\/categories?post=19109"},{"taxonomy":"post_tag","embeddable":true,"href":"https:\/\/www.europesays.com\/pt\/wp-json\/wp\/v2\/tags?post=19109"}],"curies":[{"name":"wp","href":"https:\/\/api.w.org\/{rel}","templated":true}]}}