{"id":191092,"date":"2025-12-16T19:57:11","date_gmt":"2025-12-16T19:57:11","guid":{"rendered":"https:\/\/www.europesays.com\/pt\/191092\/"},"modified":"2025-12-16T19:57:11","modified_gmt":"2025-12-16T19:57:11","slug":"kiev-reivindica-inedito-ataque-a-submarino-russo-em-porto-no-mar-negro","status":"publish","type":"post","link":"https:\/\/www.europesays.com\/pt\/191092\/","title":{"rendered":"Kiev reivindica in\u00e9dito ataque a submarino russo em porto no Mar Negro"},"content":{"rendered":"<p data-remotead-prev-elm=\"true\" data-remotead-elm-id=\"inread\">&#8220;Pela primeira vez na hist\u00f3ria, drones submarinos Sub Sea Baby fizeram explodir um submarino russo da classe Varshavyanka, Project 636.3&#8221;, afirmou o SBU em comunicado no Telegram.<\/p>\n<p>Esta &#8220;opera\u00e7\u00e3o especial in\u00e9dita&#8221; causou &#8220;danos cr\u00edticos&#8221; no submarino, que ficou efetivamente inoperacional, adiantou.<\/p>\n<p>A embarca\u00e7\u00e3o estava equipada com quatro lan\u00e7adores de m\u00edsseis de cruzeiro Kalibr, utilizados para atacar territ\u00f3rio ucraniano, segundo o SBU, que divulgou imagens do ataque em que \u00e9 poss\u00edvel ver um conjunto de navios de guerra atracados num porto, incluindo o que parece ser um submarino, que regista uma explos\u00e3o.<\/p>\n<p data-remotead-prev-elm=\"true\" data-remotead-elm-id=\"centro1\">A Frota do Mar Negro da R\u00fassia reconheceu que ocorreu um ataque, mas negou que qualquer embarca\u00e7\u00e3o tenha sido danificada. &#8220;A tentativa do inimigo de realizar sabotagem utilizando um ve\u00edculo submarino n\u00e3o tripulado n\u00e3o atingiu os seus objetivos&#8221;, disse o capit\u00e3o de 1\u00aa Classe Alexei Rulev, chefe do servi\u00e7o de imprensa da frota, em comunicado.<\/p>\n<p>A Ucr\u00e2nia tem atacado repetidamente navios russos no Mar Negro com &#8220;drones&#8221; e m\u00edsseis desde que a R\u00fassia lan\u00e7ou a sua invas\u00e3o em grande escala h\u00e1 quase quatro anos.<\/p>\n<p>Durante a guerra, Kiev inutilizou grande parte da frota russa do Mar Negro, incluindo o navio almirante Moskva, afundado em abril de 2022.<\/p>\n<p data-remotead-prev-elm=\"true\" data-remotead-elm-id=\"centro2\">Nas \u00faltimas semanas, as for\u00e7as ucranianas intensificaram os ataques navais contra embarca\u00e7\u00f5es no Mar Negro que considera ligadas \u00e0 R\u00fassia.<\/p>\n<p>As for\u00e7as russas atacam regularmente o porto ucraniano de Odessa, tamb\u00e9m no Mar Negro.<\/p>\n<p>A R\u00fassia invadiu a Ucr\u00e2nia a 24 de fevereiro de 2022, com o argumento de proteger as minorias separatistas pr\u00f3-russas no leste e &#8220;desnazificar&#8221; o pa\u00eds vizinho, independente desde 1991 &#8211; ap\u00f3s a desagrega\u00e7\u00e3o da antiga Uni\u00e3o Sovi\u00e9tica &#8211; e que tem vindo a afastar-se do espa\u00e7o de influ\u00eancia de Moscovo e a aproximar-se da Europa e do Ocidente.<\/p>\n","protected":false},"excerpt":{"rendered":"&#8220;Pela primeira vez na hist\u00f3ria, drones submarinos Sub Sea Baby fizeram explodir um submarino russo da classe Varshavyanka,&hellip;\n","protected":false},"author":2,"featured_media":191093,"comment_status":"","ping_status":"","sticky":false,"template":"","format":"standard","meta":{"footnotes":""},"categories":[50],"tags":[27,28,15,16,889,14,25,26,21,22,62,12,13,19,20,23,24,17,18,29,30,31,63,64,65],"class_list":{"0":"post-191092","1":"post","2":"type-post","3":"status-publish","4":"format-standard","5":"has-post-thumbnail","7":"category-mundo","8":"tag-breaking-news","9":"tag-breakingnews","10":"tag-featured-news","11":"tag-featurednews","12":"tag-guerra-na-ucrania","13":"tag-headlines","14":"tag-latest-news","15":"tag-latestnews","16":"tag-main-news","17":"tag-mainnews","18":"tag-mundo","19":"tag-news","20":"tag-noticias","21":"tag-noticias-principais","22":"tag-noticiasprincipais","23":"tag-principais-noticias","24":"tag-principaisnoticias","25":"tag-top-stories","26":"tag-topstories","27":"tag-ultimas","28":"tag-ultimas-noticias","29":"tag-ultimasnoticias","30":"tag-world","31":"tag-world-news","32":"tag-worldnews"},"share_on_mastodon":{"url":"https:\/\/pubeurope.com\/@pt\/115731015068667984","error":""},"_links":{"self":[{"href":"https:\/\/www.europesays.com\/pt\/wp-json\/wp\/v2\/posts\/191092","targetHints":{"allow":["GET"]}}],"collection":[{"href":"https:\/\/www.europesays.com\/pt\/wp-json\/wp\/v2\/posts"}],"about":[{"href":"https:\/\/www.europesays.com\/pt\/wp-json\/wp\/v2\/types\/post"}],"author":[{"embeddable":true,"href":"https:\/\/www.europesays.com\/pt\/wp-json\/wp\/v2\/users\/2"}],"replies":[{"embeddable":true,"href":"https:\/\/www.europesays.com\/pt\/wp-json\/wp\/v2\/comments?post=191092"}],"version-history":[{"count":0,"href":"https:\/\/www.europesays.com\/pt\/wp-json\/wp\/v2\/posts\/191092\/revisions"}],"wp:featuredmedia":[{"embeddable":true,"href":"https:\/\/www.europesays.com\/pt\/wp-json\/wp\/v2\/media\/191093"}],"wp:attachment":[{"href":"https:\/\/www.europesays.com\/pt\/wp-json\/wp\/v2\/media?parent=191092"}],"wp:term":[{"taxonomy":"category","embeddable":true,"href":"https:\/\/www.europesays.com\/pt\/wp-json\/wp\/v2\/categories?post=191092"},{"taxonomy":"post_tag","embeddable":true,"href":"https:\/\/www.europesays.com\/pt\/wp-json\/wp\/v2\/tags?post=191092"}],"curies":[{"name":"wp","href":"https:\/\/api.w.org\/{rel}","templated":true}]}}