{"id":191109,"date":"2025-12-16T20:13:07","date_gmt":"2025-12-16T20:13:07","guid":{"rendered":"https:\/\/www.europesays.com\/pt\/191109\/"},"modified":"2025-12-16T20:13:07","modified_gmt":"2025-12-16T20:13:07","slug":"em-primeira-mao-miguel-carneiro-e-o-novo-presidente-executivo-da-taag","status":"publish","type":"post","link":"https:\/\/www.europesays.com\/pt\/191109\/","title":{"rendered":"Em primeira m\u00e3o: Miguel Carneiro \u00e9 o novo presidente executivo da TAAG"},"content":{"rendered":"<p data-start=\"261\" data-end=\"517\">A Forbes apurou em primeira m\u00e3o que Miguel Carneiro foi nomeado presidente da Comiss\u00e3o Executiva (PCE) da TAAG \u2013 Linhas A\u00e9reas de Angola, assumindo a lideran\u00e7a da companhia a\u00e9rea nacional numa fase decisiva do seu processo de transforma\u00e7\u00e3o e crescimento.<\/p>\n<p data-start=\"519\" data-end=\"889\">At\u00e9 agora Chief Commercial Officer (CCO) da TAAG, fun\u00e7\u00e3o que desempenhava desde Dezembro de 2023, Miguel Carneiro tem sido uma das figuras-chave na defini\u00e7\u00e3o e execu\u00e7\u00e3o da estrat\u00e9gia de reposicionamento da companhia, com forte foco no crescimento de receitas, desenvolvimento de parcerias estrat\u00e9gicas e constru\u00e7\u00e3o de um modelo operacional mais orientado para o cliente.<\/p>\n<p data-start=\"891\" data-end=\"1376\">A sua nomea\u00e7\u00e3o representa uma aposta clara na continuidade estrat\u00e9gica e no refor\u00e7o de uma lideran\u00e7a com conhecimento do sector da avia\u00e7\u00e3o e da pr\u00f3pria organiza\u00e7\u00e3o. Com 20 anos de experi\u00eancia internacional em avia\u00e7\u00e3o, finan\u00e7as e consultoria, Miguel Carneiro assume o cargo num contexto exigente, marcado pela necessidade de consolida\u00e7\u00e3o financeira, aumento da efici\u00eancia operacional e afirma\u00e7\u00e3o da TAAG como um player competitivo no mercado regional e intercontinental.<\/p>\n<p data-start=\"1378\" data-end=\"1869\">Antes de integrar a comiss\u00e3o executiva da TAAG, Miguel Carneiro foi consultor do Minist\u00e9rio dos Transportes, esteve ligado ao Fundo Soberano de Angola como Head of Alternative Investments e foi CEO da FINICAPITAL. \u00c9 tamb\u00e9m cofundador da JETCAPITAL Aviation e iniciou a sua carreira no sector como analista de avia\u00e7\u00e3o na ExxonMobil. Ao longo do seu percurso, destacou-se pela lideran\u00e7a de projectos de transforma\u00e7\u00e3o, estrutura\u00e7\u00e3o financeira e desenvolvimento de neg\u00f3cios em ambientes complexos.<\/p>\n<p data-start=\"1378\" data-end=\"1869\">Com uma licenciatura em gest\u00e3o aeron\u00e1utica especializa\u00e7\u00e3o em gest\u00e3o de companhias a\u00e9reas pela Embry-Riddle Aeronautical University, um mestrado em business pelo IESE Business School, e uma p\u00f3s gradua\u00e7\u00e3o em estrat\u00e9gia e inova\u00e7\u00e3o pela universidade de Oxford,\u00a0\u00a0Miguel Carneiro sucede a Nelson Pedro Rodrigues de Oliveira que desempenhou o cargo desde 2023, tendo sucedido ao espanhol Eduardo Fairen Soria.<\/p>\n","protected":false},"excerpt":{"rendered":"A Forbes apurou em primeira m\u00e3o que Miguel Carneiro foi nomeado presidente da Comiss\u00e3o Executiva (PCE) da TAAG&hellip;\n","protected":false},"author":2,"featured_media":191110,"comment_status":"","ping_status":"","sticky":false,"template":"","format":"standard","meta":{"footnotes":""},"categories":[83],"tags":[1310,88,89,90,32,33],"class_list":{"0":"post-191109","1":"post","2":"type-post","3":"status-publish","4":"format-standard","5":"has-post-thumbnail","7":"category-empresas","8":"tag-aviacao","9":"tag-business","10":"tag-economy","11":"tag-empresas","12":"tag-portugal","13":"tag-pt"},"share_on_mastodon":{"url":"https:\/\/pubeurope.com\/@pt\/115731077792247469","error":""},"_links":{"self":[{"href":"https:\/\/www.europesays.com\/pt\/wp-json\/wp\/v2\/posts\/191109","targetHints":{"allow":["GET"]}}],"collection":[{"href":"https:\/\/www.europesays.com\/pt\/wp-json\/wp\/v2\/posts"}],"about":[{"href":"https:\/\/www.europesays.com\/pt\/wp-json\/wp\/v2\/types\/post"}],"author":[{"embeddable":true,"href":"https:\/\/www.europesays.com\/pt\/wp-json\/wp\/v2\/users\/2"}],"replies":[{"embeddable":true,"href":"https:\/\/www.europesays.com\/pt\/wp-json\/wp\/v2\/comments?post=191109"}],"version-history":[{"count":0,"href":"https:\/\/www.europesays.com\/pt\/wp-json\/wp\/v2\/posts\/191109\/revisions"}],"wp:featuredmedia":[{"embeddable":true,"href":"https:\/\/www.europesays.com\/pt\/wp-json\/wp\/v2\/media\/191110"}],"wp:attachment":[{"href":"https:\/\/www.europesays.com\/pt\/wp-json\/wp\/v2\/media?parent=191109"}],"wp:term":[{"taxonomy":"category","embeddable":true,"href":"https:\/\/www.europesays.com\/pt\/wp-json\/wp\/v2\/categories?post=191109"},{"taxonomy":"post_tag","embeddable":true,"href":"https:\/\/www.europesays.com\/pt\/wp-json\/wp\/v2\/tags?post=191109"}],"curies":[{"name":"wp","href":"https:\/\/api.w.org\/{rel}","templated":true}]}}