{"id":191113,"date":"2025-12-16T20:15:15","date_gmt":"2025-12-16T20:15:15","guid":{"rendered":"https:\/\/www.europesays.com\/pt\/191113\/"},"modified":"2025-12-16T20:15:15","modified_gmt":"2025-12-16T20:15:15","slug":"bebe-de-cinco-meses-morre-atropelado-em-albufeira-condutor-fugiu-do-local","status":"publish","type":"post","link":"https:\/\/www.europesays.com\/pt\/191113\/","title":{"rendered":"Beb\u00e9 de cinco meses morre atropelado em Albufeira. Condutor fugiu do local"},"content":{"rendered":"<p data-remotead-prev-elm=\"true\" data-remotead-elm-id=\"inread\">No local estiveram 16 operacionais, apoiados por cinco viaturas, entre elementos do INEM e dos Bombeiros Volunt\u00e1rios de Albufeira.<\/p>\n<p>De acordo com informa\u00e7\u00f5es apuradas pelo JN, o beb\u00e9 seguia num carrinho quando foi atingido pelo ve\u00edculo, que tamb\u00e9m colheu a m\u00e3e. A mulher sofreu ferimentos ligeiros e foi transportada para o hospital.<\/p>\n<p>A crian\u00e7a foi assistida no local pelas equipas de emerg\u00eancia e posteriormente transportada para o Hospital de Faro, mas acabou por n\u00e3o resistir aos graves ferimentos na cabe\u00e7a.<\/p>\n<p>O condutor do autom\u00f3vel envolvido no atropelamento colocou-se em fuga. As autoridades est\u00e3o a investigar o caso.<\/p>\n","protected":false},"excerpt":{"rendered":"No local estiveram 16 operacionais, apoiados por cinco viaturas, entre elementos do INEM e dos Bombeiros Volunt\u00e1rios de&hellip;\n","protected":false},"author":2,"featured_media":191114,"comment_status":"","ping_status":"","sticky":false,"template":"","format":"standard","meta":{"footnotes":""},"categories":[10],"tags":[32643,27,28,33015,15,16,14,25,26,21,22,12,13,19,20,32,23,24,33,17,18,29,30,31],"class_list":{"0":"post-191113","1":"post","2":"type-post","3":"status-publish","4":"format-standard","5":"has-post-thumbnail","7":"category-portugal","8":"tag-acidente-de-viacao","9":"tag-breaking-news","10":"tag-breakingnews","11":"tag-concelho-albufeira","12":"tag-featured-news","13":"tag-featurednews","14":"tag-headlines","15":"tag-latest-news","16":"tag-latestnews","17":"tag-main-news","18":"tag-mainnews","19":"tag-news","20":"tag-noticias","21":"tag-noticias-principais","22":"tag-noticiasprincipais","23":"tag-portugal","24":"tag-principais-noticias","25":"tag-principaisnoticias","26":"tag-pt","27":"tag-top-stories","28":"tag-topstories","29":"tag-ultimas","30":"tag-ultimas-noticias","31":"tag-ultimasnoticias"},"share_on_mastodon":{"url":"https:\/\/pubeurope.com\/@pt\/115731085958138527","error":""},"_links":{"self":[{"href":"https:\/\/www.europesays.com\/pt\/wp-json\/wp\/v2\/posts\/191113","targetHints":{"allow":["GET"]}}],"collection":[{"href":"https:\/\/www.europesays.com\/pt\/wp-json\/wp\/v2\/posts"}],"about":[{"href":"https:\/\/www.europesays.com\/pt\/wp-json\/wp\/v2\/types\/post"}],"author":[{"embeddable":true,"href":"https:\/\/www.europesays.com\/pt\/wp-json\/wp\/v2\/users\/2"}],"replies":[{"embeddable":true,"href":"https:\/\/www.europesays.com\/pt\/wp-json\/wp\/v2\/comments?post=191113"}],"version-history":[{"count":0,"href":"https:\/\/www.europesays.com\/pt\/wp-json\/wp\/v2\/posts\/191113\/revisions"}],"wp:featuredmedia":[{"embeddable":true,"href":"https:\/\/www.europesays.com\/pt\/wp-json\/wp\/v2\/media\/191114"}],"wp:attachment":[{"href":"https:\/\/www.europesays.com\/pt\/wp-json\/wp\/v2\/media?parent=191113"}],"wp:term":[{"taxonomy":"category","embeddable":true,"href":"https:\/\/www.europesays.com\/pt\/wp-json\/wp\/v2\/categories?post=191113"},{"taxonomy":"post_tag","embeddable":true,"href":"https:\/\/www.europesays.com\/pt\/wp-json\/wp\/v2\/tags?post=191113"}],"curies":[{"name":"wp","href":"https:\/\/api.w.org\/{rel}","templated":true}]}}