{"id":191131,"date":"2025-12-16T20:34:28","date_gmt":"2025-12-16T20:34:28","guid":{"rendered":"https:\/\/www.europesays.com\/pt\/191131\/"},"modified":"2025-12-16T20:34:28","modified_gmt":"2025-12-16T20:34:28","slug":"lideres-europeus-comprometem-se-a-ajudar-militarmente-a-ucrania-contra-um-futuro-ataque-russo","status":"publish","type":"post","link":"https:\/\/www.europesays.com\/pt\/191131\/","title":{"rendered":"L\u00edderes europeus comprometem-se a ajudar militarmente a Ucr\u00e2nia contra um futuro ataque russo"},"content":{"rendered":"<p>Os l\u00edderes europeus comprometeram-se formalmente a ajudar a Ucr\u00e2nia em qualquer ataque futuro lan\u00e7ado pela R\u00fassia, emulando a defesa coletiva do artigo 5 da NATO, marcando um desenvolvimento importante nos esfor\u00e7os em curso para p\u00f4r fim \u00e0 guerra.<\/p>\n<p>As medidas de assist\u00eancia devem ser abrangentes e incluir &#8220;for\u00e7as armadas, informa\u00e7\u00f5es e assist\u00eancia log\u00edstica, ac\u00e7\u00f5es econ\u00f3micas e diplom\u00e1ticas&#8221;.<\/p>\n<p>Numa declara\u00e7\u00e3o conjunta divulgada na segunda-feira, ap\u00f3s conversa\u00e7\u00f5es de alto n\u00edvel em Berlim, os l\u00edderes europeus apresentaram as linhas gerais mais pormenorizadas das garantias de seguran\u00e7a que est\u00e3o dispostos a fornecer \u00e0 Ucr\u00e2nia, com o apoio dos Estados Unidos.<\/p>\n<p>A reuni\u00e3o contou com a presen\u00e7a do presidente ucraniano Volodymyr Zelenskyy.<\/p>\n<p>S\u00e3o elas:<\/p>\n<ul>\n<li>&#8220;Apoio sustentado e significativo&#8221; \u00e0s for\u00e7as armadas da Ucr\u00e2nia, que dever\u00e3o permanecer limitadas a 800 000 efetivos em tempo de paz.<\/li>\n<li>Uma &#8220;for\u00e7a multinacional&#8221; liderada pela Europa, a operar em solo ucraniano, seguindo o trabalho da &#8220;Coliga\u00e7\u00e3o dos Dispostos&#8221;, liderada pela Fran\u00e7a e pelo Reino Unido.<\/li>\n<li>Um mecanismo liderado pelos Estados Unidos para monitorizar e verificar um cessar-fogo.<\/li>\n<li>Um &#8220;compromisso juridicamente vinculativo&#8221; para restabelecer a paz em caso de um futuro ataque armado da R\u00fassia, \u00e0 semelhan\u00e7a do artigo 5\u00ba da NATO.<\/li>\n<li>Investimento na recupera\u00e7\u00e3o e reconstru\u00e7\u00e3o da Ucr\u00e2nia, mantendo firmemente imobilizados os activos do Banco Central russo.<\/li>\n<li>A ades\u00e3o da Ucr\u00e2nia \u00e0 Uni\u00e3o Europeia.<\/li>\n<\/ul>\n<p>A <a href=\"https:\/\/www.bundesregierung.de\/breg-de\/aktuelles\/statement-by-chancellor-merz-prime-minister-frederiksen-president-stubb-president-macron-prime-minister-meloni-prime-minister-schoof-prime-minister-st%C3%B8re-prime-minister-tusk-prime-minister-kristersson-prime-minister-starmer-as-well-as-president-costa-and-president-von-der-leyen-2399598\" target=\"_blank\" rel=\"noreferrer nofollow noopener\">declara\u00e7\u00e3o<\/a>foi assinada pelo chanceler alem\u00e3o Friedrich Merz, pela primeira-ministra dinamarquesa Mette Frederiksen, pelo presidente franc\u00eas Emmanuel Macron, pela primeira-ministra italiana Giorgia Meloni, pelo primeiro-ministro neerland\u00eas Dick Schoof, pelo primeiro-ministro noruegu\u00eas Jonas Gahr St\u00f8re, pelo primeiro-ministro polaco Donald Tusk, pelo primeiro-ministro sueco Ulf Kristersson e pelo primeiro-ministro brit\u00e2nico Keir Starmer.<\/p>\n<p>Foi tamb\u00e9m assinado pela presidente da Comiss\u00e3o Europeia, Ursula von der Leyen, e pelo presidente do Conselho Europeu, Ant\u00f3nio Costa, e deixado em aberto para ser subscrito por outros pa\u00edses.<\/p>\n<p>&#8220;Em qualquer acordo, nada est\u00e1 acordado at\u00e9 que tudo esteja acordado e que todas as partes devem trabalhar intensamente para uma solu\u00e7\u00e3o que possa assegurar um fim duradouro dos combates&#8221;, afirmaram.<\/p>\n<p>A reuni\u00e3o de dois dias em Berlim contou tamb\u00e9m com a presen\u00e7a dos enviados especiais dos EUA, Steve Witkoff e Jared Kushner, o genro do presidente Trump. No domingo, participaram em conversa\u00e7\u00f5es bilaterais com a Ucr\u00e2nia.<\/p>\n<p>Os l\u00edderes europeus juntaram-se ao segundo dia de conversa\u00e7\u00f5es na segunda-feira.<\/p>\n<p>Ao lado de Merz, Zelenskyy<a href=\"https:\/\/www.euronews.com\/2025\/12\/15\/progress-made-on-many-issues-zelenskyy-says-after-two-days-of-ukraine-talks-in-berlin\" rel=\"nofollow noopener\" target=\"_blank\">disse que &#8220;foram feitos progressos em muitas quest\u00f5es&#8221; durante as discuss\u00f5es, mas admitiu que a quest\u00e3o dos territ\u00f3rios ocupados era &#8220;dolorosa&#8221;.<\/p>\n<p>&#8220;\u00c9 claro que temos posi\u00e7\u00f5es diferentes das da R\u00fassia relativamente aos territ\u00f3rios ocupados&#8221;, afirmou. &#8220;Tenho um conhecimento profundo dos pormenores desta guerra e \u00e9 muito importante que os nossos colegas dos Estados Unidos conhe\u00e7am todos esses pormenores&#8221;.<\/p>\n<p>Na sua declara\u00e7\u00e3o conjunta, os l\u00edderes europeus sublinharam que qualquer decis\u00e3o sobre o territ\u00f3rio deve ser tomada pelo povo ucraniano &#8220;quando estiverem efetivamente em vigor garantias de seguran\u00e7a s\u00f3lidas&#8221; e prometeram apoiar Zelenskyy se este decidir realizar um referendo.<\/p>\n<p>&#8220;As fronteiras internacionais n\u00e3o devem ser alteradas pela for\u00e7a&#8221;, afirmaram os l\u00edderes europeus.<\/p>\n<p>Os europeus instaram a R\u00fassia a &#8220;mostrar vontade de trabalhar para uma paz duradoura&#8221;, concordando com o plano de paz promovido pela Casa Branca e estabelecendo um cessar-fogo, um passo fundamental que o presidente russo, Vladimir Putin, se tem recusado repetidamente a dar.<\/p>\n<p>Uma fonte pr\u00f3xima das negocia\u00e7\u00f5es em Berlim saudou o progresso na participa\u00e7\u00e3o dos EUA nas garantias de seguran\u00e7a, dadas as capacidades militares e de recolha de informa\u00e7\u00f5es do pa\u00eds, que os europeus ainda n\u00e3o s\u00e3o capazes de igualar.<\/p>\n<p>&#8220;Os Estados Unidos ser\u00e3o o apoio e fornecer\u00e3o informa\u00e7\u00f5es e capacidades de apoio a\u00e9reo que mais ningu\u00e9m pode fornecer&#8221;, disse a fonte \u00e0 Euronews, referindo que o principal centro de opera\u00e7\u00f5es ser\u00e1 o ex\u00e9rcito ucraniano, apoiado pela for\u00e7a multinacional da &#8220;Coliga\u00e7\u00e3o dos Dispostos&#8221;.<\/p>\n<p>&#8220;Cada pa\u00eds dir\u00e1 o que vai fazer na Ucr\u00e2nia no \u00e2mbito desta opera\u00e7\u00e3o, mas espera-se que seja multi-dom\u00ednio: terra, mar, ar, cibern\u00e9tica e espa\u00e7o&#8221;.<\/p>\n<p>O avan\u00e7o diplom\u00e1tico em Berlim ocorre dias antes dos l\u00edderes da UE se reunirem numa cimeira crucial em Bruxelas para decidir como angariar 90 mil milh\u00f5es de euros para financiar as necessidades or\u00e7amentais e militares da Ucr\u00e2nia para 2026 e 2027.<\/p>\n<p>A principal proposta em cima da mesa \u00e9 um<a href=\"https:\/\/www.euronews.com\/my-europe\/2025\/12\/15\/reparations-loan-under-pressure-from-different-sides-kallas-says-as-more-countries-voice-d\" rel=\"nofollow noopener\" target=\"_blank\"><a href=\"https:\/\/pt.euronews.com\/my-europe\/2025\/12\/15\/emprestimo-para-reparacao-de-danos-esta-sob-pressao-de-varios-lados-diz-kallas\" rel=\"nofollow noopener\" target=\"_blank\"><strong>empr\u00e9stimo de repara\u00e7\u00e3o a juro zero<\/strong><\/a> baseado nos activos imobilizados do Banco Central russo, que encontrou a oposi\u00e7\u00e3o da B\u00e9lgica, o principal deposit\u00e1rio dos fundos, e reservas da It\u00e1lia, Bulg\u00e1ria, Malta e Rep\u00fablica Checa, lan\u00e7ando d\u00favidas sobre a sua aprova\u00e7\u00e3o.<\/p>\n<p>&#8220;Compreendo as preocupa\u00e7\u00f5es. N\u00e3o partilho as preocupa\u00e7\u00f5es&#8221;, disse Merz na segunda-feira. &#8220;Mas espero sinceramente que a B\u00e9lgica, o pa\u00eds mais afetado por esta decis\u00e3o, d\u00ea um passo na dire\u00e7\u00e3o certa connosco. \u00c9 conveniente apoiar a Ucr\u00e2nia&#8221;.<\/p>\n","protected":false},"excerpt":{"rendered":"Os l\u00edderes europeus comprometeram-se formalmente a ajudar a Ucr\u00e2nia em qualquer ataque futuro lan\u00e7ado pela R\u00fassia, emulando a&hellip;\n","protected":false},"author":2,"featured_media":191132,"comment_status":"","ping_status":"","sticky":false,"template":"","format":"standard","meta":{"footnotes":""},"categories":[50],"tags":[27,28,7618,15,16,14,25,26,21,22,62,12,13,19,20,23,24,839,17,18,840,29,30,31,636,63,64,65],"class_list":{"0":"post-191131","1":"post","2":"type-post","3":"status-publish","4":"format-standard","5":"has-post-thumbnail","7":"category-mundo","8":"tag-breaking-news","9":"tag-breakingnews","10":"tag-estados-unidos-da-america","11":"tag-featured-news","12":"tag-featurednews","13":"tag-headlines","14":"tag-latest-news","15":"tag-latestnews","16":"tag-main-news","17":"tag-mainnews","18":"tag-mundo","19":"tag-news","20":"tag-noticias","21":"tag-noticias-principais","22":"tag-noticiasprincipais","23":"tag-principais-noticias","24":"tag-principaisnoticias","25":"tag-russia","26":"tag-top-stories","27":"tag-topstories","28":"tag-ucrania","29":"tag-ultimas","30":"tag-ultimas-noticias","31":"tag-ultimasnoticias","32":"tag-uniao-europeia","33":"tag-world","34":"tag-world-news","35":"tag-worldnews"},"share_on_mastodon":{"url":"https:\/\/pubeurope.com\/@pt\/115731160473942736","error":""},"_links":{"self":[{"href":"https:\/\/www.europesays.com\/pt\/wp-json\/wp\/v2\/posts\/191131","targetHints":{"allow":["GET"]}}],"collection":[{"href":"https:\/\/www.europesays.com\/pt\/wp-json\/wp\/v2\/posts"}],"about":[{"href":"https:\/\/www.europesays.com\/pt\/wp-json\/wp\/v2\/types\/post"}],"author":[{"embeddable":true,"href":"https:\/\/www.europesays.com\/pt\/wp-json\/wp\/v2\/users\/2"}],"replies":[{"embeddable":true,"href":"https:\/\/www.europesays.com\/pt\/wp-json\/wp\/v2\/comments?post=191131"}],"version-history":[{"count":0,"href":"https:\/\/www.europesays.com\/pt\/wp-json\/wp\/v2\/posts\/191131\/revisions"}],"wp:featuredmedia":[{"embeddable":true,"href":"https:\/\/www.europesays.com\/pt\/wp-json\/wp\/v2\/media\/191132"}],"wp:attachment":[{"href":"https:\/\/www.europesays.com\/pt\/wp-json\/wp\/v2\/media?parent=191131"}],"wp:term":[{"taxonomy":"category","embeddable":true,"href":"https:\/\/www.europesays.com\/pt\/wp-json\/wp\/v2\/categories?post=191131"},{"taxonomy":"post_tag","embeddable":true,"href":"https:\/\/www.europesays.com\/pt\/wp-json\/wp\/v2\/tags?post=191131"}],"curies":[{"name":"wp","href":"https:\/\/api.w.org\/{rel}","templated":true}]}}