{"id":191137,"date":"2025-12-16T20:37:18","date_gmt":"2025-12-16T20:37:18","guid":{"rendered":"https:\/\/www.europesays.com\/pt\/191137\/"},"modified":"2025-12-16T20:37:18","modified_gmt":"2025-12-16T20:37:18","slug":"marido-de-isabel-veloso-comove-com-nova-declaracao-continue-lutando","status":"publish","type":"post","link":"https:\/\/www.europesays.com\/pt\/191137\/","title":{"rendered":"Marido de Isabel Veloso comove com nova declara\u00e7\u00e3o: &#8216;Continue lutando&#8217;"},"content":{"rendered":"<p><a href=\"https:\/\/caras.com.br\/tags\/lucas-borbas\" rel=\"nofollow noopener\" target=\"_blank\"><strong>Lucas Borbas<\/strong><\/a>, marido de <a href=\"https:\/\/caras.com.br\/tags\/isabel-veloso\" rel=\"nofollow noopener\" target=\"_blank\"><strong>Isabel Veloso<\/strong><\/a>, usou as redes sociais nesta ter\u00e7a-feira, 16, para publicar uma declara\u00e7\u00e3o emocionante \u00e0 influenciadora. Para quem n\u00e3o sabe, a jovem <a href=\"https:\/\/caras.com.br\/bem-estar\/pai-de-isabel-veloso-desabafa-apos-noticias-sobre-a-filha-coracao-aperta.phtml\" rel=\"nofollow noopener\" target=\"_blank\">est\u00e1 internada em um hospital de Curitiba<\/a> h\u00e1 quase um m\u00eas.<\/p>\n<p>O companheiro da influenciadora, que est\u00e1 acompanhando de perto a interna\u00e7\u00e3o, resgatou algumas fotos especiais do casal e destacou o quanto tem sentido falta de Isabel em seu dia a dia. Ao longo de sua declara\u00e7\u00e3o, Lucas tamb\u00e9m ressaltou que o amor dos dois \u00e9 o que o mant\u00e9m de p\u00e9.<\/p>\n<p>\u201cPassamos por tanta coisa\u2026 e hoje estamos aqui, mais uma vez lutando. Hoje bateu saudade dos nossos momentos juntos. Sempre fomos felizes no pouco, porque o muito sempre foi o nosso amor. Foi ele que sempre nos manteve de p\u00e9, e ser\u00e1 ele que vai nos conduzir mais uma vez. Eu creio, em nome de Jesus, que ainda vamos viver muitos momentos assim\u201c, iniciou o rapaz.<\/p>\n<p>Por fim, o marido de Isabel Veloso refor\u00e7ou sua f\u00e9 na recupera\u00e7\u00e3o da esposa: \u201cContinue lutando por n\u00f3s a\u00ed, que eu sigo orando e implorando a Deus aqui. Voc\u00ea \u00e9 uma vencedora, voc\u00ea sabe disso. Vai sair de cabe\u00e7a erguida, assim como sempre entrou. Te amo, meu amor. Milhares de pessoas est\u00e3o orando e torcendo por voc\u00ea\u201c, concluiu Lucas Borbas.<\/p>\n<p>Nos coment\u00e1rios da publica\u00e7\u00e3o, diversos internautas que acompanham a fam\u00edlia deixaram mensagens carinhosas desejando uma boa recupera\u00e7\u00e3o para Isabel Veloso: \u201cFor\u00e7a, Bel. Na torcida por voc\u00ea!\u201c, declarou uma seguidora. \u201cIsa \u00e9 forte, vai dar tudo certo\u201c, disse outra. \u201cEssa fase faz parte do testemunho gigante que voc\u00eas v\u00e3o dar\u201c, escreveu uma terceira.<\/p>\n<p> <img loading=\"lazy\" decoding=\"async\" class=\"size-full wp-image-1045189 img-fluid lazy\" alt=\"Isabel Veloso e Lucas Borbas - Foto: Reprodu\u00e7\u00e3o \/ Instagram @lucasborbass \" width=\"1080\" height=\"1440\" src=\"https:\/\/www.europesays.com\/pt\/wp-content\/uploads\/2025\/12\/isabel-veloso-marido-lucas-borbas.jpg\"  \/>Isabel Veloso e Lucas Borbas \u2013 Foto: Reprodu\u00e7\u00e3o \/ Instagram @lucasborbass <img loading=\"lazy\" decoding=\"async\" class=\"size-full wp-image-1045188 img-fluid lazy\" alt=\"Isabel Veloso com o filho, Arthur - Foto: Reprodu\u00e7\u00e3o \/ Instagram @lucasborbass \" width=\"1080\" height=\"1440\" src=\"https:\/\/www.europesays.com\/pt\/wp-content\/uploads\/2025\/12\/isabel-veloso-com-o-filho.jpg\"  \/>Isabel Veloso com o filho, Arthur \u2013 Foto: Reprodu\u00e7\u00e3o \/ Instagram @lucasborbass <\/p>\n<blockquote class=\"instagram-media\" style=\"background: #FFF; border: 0; border-radius: 3px; box-shadow: 0 0 1px 0 rgba(0,0,0,0.5),0 1px 10px 0 rgba(0,0,0,0.15); margin: 1px; max-width: 540px; min-width: 326px; padding: 0; width: calc(100% - 2px);\" data-instgrm-captioned=\"\" data-instgrm-permalink=\"https:\/\/www.instagram.com\/p\/DSVEvukjRvD\/?utm_source=ig_embed&amp;utm_campaign=loading\" data-instgrm-version=\"14\"><\/blockquote>\n<p>  Pai de Isabel Veloso desabafa sobre \u2018sil\u00eancio das not\u00edcias\u2019 <\/p>\n<p>Mais cedo,<strong> Joelson Veloso<\/strong>, pai de <strong>Isabel Veloso<\/strong>, compartilhou <a href=\"https:\/\/caras.com.br\/bem-estar\/pai-de-isabel-veloso-desabafa-sobre-silencio-das-noticias-aperta-o-coracao.phtml\" rel=\"nofollow noopener\" target=\"_blank\">um breve desabafo sobre a sa\u00fade da influenciadora<\/a>. Em uma publica\u00e7\u00e3o nas redes sociais, o sogro de <strong>Lucas Borbas<\/strong> lamentou o \u2018sil\u00eancio das not\u00edcias\u2019 e aproveitou para ressaltar sua f\u00e9 na melhora da filha.<\/p>\n<p>\u201cQuando o sil\u00eancio das not\u00edcias aperta o cora\u00e7\u00e3o e a ang\u00fastia tenta nos dominar, \u00e9 nessa hora que a f\u00e9 precisa falar mais alto. Confiar em Deus, mesmo sem entender, \u00e9 um ato de amor e esperan\u00e7a. Seguimos em ora\u00e7\u00e3o, acreditando que Ele est\u00e1 cuidando de cada detalhe. Isabel est\u00e1 nas m\u00e3os do Pai, e n\u2019Ele temos nossa confian\u00e7a\u201c, escreveu o pai da influenciadora.<\/p>\n<p>\t <img loading=\"lazy\" decoding=\"async\" class=\"size-full wp-image-1044997 img-fluid lazy\" alt=\"Isabel Veloso e o pai, Joelson Veloso - Foto: Reprodu\u00e7\u00e3o \/ Instagram @joelson_veloso\" width=\"462\" height=\"826\" src=\"https:\/\/www.europesays.com\/pt\/wp-content\/uploads\/2025\/12\/post-pai-de-isabel-veloso.jpg\"  \/>Isabel Veloso e o pai, Joelson Veloso \u2013 Foto: Reprodu\u00e7\u00e3o \/ Instagram @joelson_veloso Como est\u00e1 Isabel Veloso atualmente? <\/p>\n<p>O estado de sa\u00fade de <strong>Isabel Veloso<\/strong> foi <a href=\"https:\/\/caras.com.br\/bem-estar\/como-esta-isabel-veloso-marido-atualiza-estado-de-saude-da-influenciadora-que-esta-na-uti.phtml\" rel=\"nofollow noopener\" target=\"_blank\">atualizado na \u00faltima segunda-feira, 15<\/a>, por seu marido, <strong>Lucas Borbas<\/strong>. A influenciadora est\u00e1 internada h\u00e1 quase um m\u00eas e, recentemente, precisou retornar para a UTI (Unidade de Terapia Intensiva).<\/p>\n<p>\u201cIsabel segue est\u00e1vel. Alguns exames ainda n\u00e3o ficaram prontos, entre eles o mais importante no momento: A bi\u00f3psia do intestino, que \u00e9 o que vai nos mostrar com mais precis\u00e3o o que realmente est\u00e1 acontecendo\u201c, informou Lucas.<\/p>\n<p>\u201cEnquanto aguardamos os resultados, os m\u00e9dicos e toda equipe est\u00e3o fazendo tudo o que est\u00e1 no alcance para manter a Isabel bem, oferecendo todo o cuidado necess\u00e1rio. Para que ela n\u00e3o sinta dor nem desconforto, a Isabel segue sedada, sendo acompanhada de perto em todos os detalhes. Agrade\u00e7o, de cora\u00e7\u00e3o, todo o carinho, as mensagens e as ora\u00e7\u00f5es, Elas t\u00eam sido muito importantes para n\u00f3s\u201c, completou o marido de Isabel Veloso.<\/p>\n<p><strong>Leia tamb\u00e9m<\/strong>: <a href=\"https:\/\/caras.com.br\/bem-estar\/qual-e-o-diagnostico-de-isabel-veloso-entenda-a-luta-da-influencer-contra-o-cancer.phtml\" rel=\"nofollow noopener\" target=\"_blank\">Qual \u00e9 o diagn\u00f3stico de Isabel Veloso? Entenda a luta da influencer contra o c\u00e2ncer<\/a><\/p>\n<p> <img loading=\"lazy\" decoding=\"async\" class=\"size-full wp-image-1030222 img-fluid lazy\" alt=\"Isabel Veloso - Foto: Reprodu\u00e7\u00e3o \/ Instagram @isabelvelosoo\" width=\"1920\" height=\"1080\" src=\"https:\/\/www.europesays.com\/pt\/wp-content\/uploads\/2025\/12\/influencer-isabel-veloso-.jpg\"  \/>Isabel Veloso \u2013 Foto: Reprodu\u00e7\u00e3o \/ Instagram @isabelvelosoo<\/p>\n<p>        <a href=\"https:\/\/caras.com.br\/autor\/rafaela-oliveira\" rel=\"nofollow noopener\" target=\"_blank\">&#13;<br \/>\n          <img alt=\"Rafaela Oliveira\" src=\"https:\/\/www.europesays.com\/pt\/wp-content\/uploads\/2025\/12\/1765917438_371_49f5322875970d1e29e5ff2c3d4db4418044337871973cc6a09a25acab0e8ff7\"  class=\"avatar avatar-115 photo rounded-circle mr-3\" height=\"115\" width=\"115\" loading=\"lazy\" decoding=\"async\"\/>        <\/a><\/p>\n<p>        <strong>Rafaela Oliveira<\/strong> \u00e9 rep\u00f3rter de conte\u00fado do site CARAS. Formada em jornalismo, j\u00e1 passou por sites como MaisNovela, Portal M\u00e1rcia Piovesan, Purepeople Brasil e Jornal O Dia. Escreve sobre celebridades, TV e reality show. (email: <a href=\"https:\/\/caras.com.br\/cdn-cgi\/l\/email-protection\" class=\"__cf_email__\" data-cfemail=\"5e2c3c313237283b372c3f013d31323f3c1e3d3f2c3f2d703d3133703c2c\" rel=\"nofollow noopener\" target=\"_blank\">[email\u00a0protected]<\/a>)<\/p>\n<ul class=\"terms-list post_tag list-inline\">\n<li class=\"isabel-veloso list-inline-item\">\n\t\t\t\t\t<a href=\"https:\/\/caras.com.br\/tags\/isabel-veloso\" class=\"item-category\" rel=\"nofollow noopener\" target=\"_blank\">Isabel Veloso<\/a>\n\t\t\t\t<\/li>\n<li class=\"lucas-borbas list-inline-item\">\n\t\t\t\t\t<a href=\"https:\/\/caras.com.br\/tags\/lucas-borbas\" class=\"item-category\" rel=\"nofollow noopener\" target=\"_blank\">Lucas Borbas<\/a>\n\t\t\t\t<\/li>\n<\/ul>\n<p>\t                                            <script async src=\"\/\/www.instagram.com\/embed.js\"><\/script><\/p>\n","protected":false},"excerpt":{"rendered":"Lucas Borbas, marido de Isabel Veloso, usou as redes sociais nesta ter\u00e7a-feira, 16, para publicar uma declara\u00e7\u00e3o emocionante&hellip;\n","protected":false},"author":2,"featured_media":191138,"comment_status":"","ping_status":"","sticky":false,"template":"","format":"standard","meta":{"footnotes":""},"categories":[145],"tags":[211,210,114,115,7733,37619,32,33],"class_list":{"0":"post-191137","1":"post","2":"type-post","3":"status-publish","4":"format-standard","5":"has-post-thumbnail","7":"category-celebridades","8":"tag-celebridades","9":"tag-celebrities","10":"tag-entertainment","11":"tag-entretenimento","12":"tag-isabel-veloso","13":"tag-lucas-borbas","14":"tag-portugal","15":"tag-pt"},"share_on_mastodon":{"url":"https:\/\/pubeurope.com\/@pt\/115731172434679792","error":""},"_links":{"self":[{"href":"https:\/\/www.europesays.com\/pt\/wp-json\/wp\/v2\/posts\/191137","targetHints":{"allow":["GET"]}}],"collection":[{"href":"https:\/\/www.europesays.com\/pt\/wp-json\/wp\/v2\/posts"}],"about":[{"href":"https:\/\/www.europesays.com\/pt\/wp-json\/wp\/v2\/types\/post"}],"author":[{"embeddable":true,"href":"https:\/\/www.europesays.com\/pt\/wp-json\/wp\/v2\/users\/2"}],"replies":[{"embeddable":true,"href":"https:\/\/www.europesays.com\/pt\/wp-json\/wp\/v2\/comments?post=191137"}],"version-history":[{"count":0,"href":"https:\/\/www.europesays.com\/pt\/wp-json\/wp\/v2\/posts\/191137\/revisions"}],"wp:featuredmedia":[{"embeddable":true,"href":"https:\/\/www.europesays.com\/pt\/wp-json\/wp\/v2\/media\/191138"}],"wp:attachment":[{"href":"https:\/\/www.europesays.com\/pt\/wp-json\/wp\/v2\/media?parent=191137"}],"wp:term":[{"taxonomy":"category","embeddable":true,"href":"https:\/\/www.europesays.com\/pt\/wp-json\/wp\/v2\/categories?post=191137"},{"taxonomy":"post_tag","embeddable":true,"href":"https:\/\/www.europesays.com\/pt\/wp-json\/wp\/v2\/tags?post=191137"}],"curies":[{"name":"wp","href":"https:\/\/api.w.org\/{rel}","templated":true}]}}