{"id":191143,"date":"2025-12-16T20:42:08","date_gmt":"2025-12-16T20:42:08","guid":{"rendered":"https:\/\/www.europesays.com\/pt\/191143\/"},"modified":"2025-12-16T20:42:08","modified_gmt":"2025-12-16T20:42:08","slug":"superman-e-capitao-patria-se-enfrentam-em-arte-oficial-de-crossover-da-dc-com-the-boys","status":"publish","type":"post","link":"https:\/\/www.europesays.com\/pt\/191143\/","title":{"rendered":"Superman e Capit\u00e3o P\u00e1tria se enfrentam em arte oficial de crossover da DC com The Boys"},"content":{"rendered":"<p class=\"wp-block-yoast-seo-estimated-reading-time yoast-reading-time__wrapper\">Estimated reading time: 2 minutos<\/p>\n<p>Est\u00e1 chegando o dia em que o <a href=\"https:\/\/ovicio.com.br\/tag\/Superman\/\" target=\"_blank\" rel=\"noreferrer noopener nofollow\">Superman<\/a>\u00a0finalmente enfrentar\u00e1 o\u00a0<a href=\"https:\/\/ovicio.com.br\/tag\/Capitao-Patria\/\" target=\"_blank\" rel=\"noreferrer noopener nofollow\">Capit\u00e3o P\u00e1tria<\/a>!\u00a0A<strong>\u00a0DC Comics<\/strong> liberou a primeira arte oficial do confronto.<\/p>\n<p>Os personagens aparecem batalhando em uma capa variante de <strong>DC K.O. Boss Battle<\/strong>, que \u00e9 assinada por <strong>Darick Robertson<\/strong>. Veja:<\/p>\n<p><img fetchpriority=\"high\" decoding=\"async\" width=\"593\" height=\"900\" src=\"https:\/\/www.europesays.com\/pt\/wp-content\/uploads\/2025\/12\/20251216-image-28.png\" alt=\"\" class=\"lazyload wp-image-875200\"  data-\/>Reprodu\u00e7\u00e3o\/DC Comics<\/p>\n<p>Em <strong>DC K.O. Boss Battle<\/strong>, <strong>Superman<\/strong>,<strong>\u00a0Mulher-Maravilha\u00a0<\/strong>e<strong>\u00a0Aquaman<\/strong>\u00a0ter\u00e3o que lidar com\u00a0<strong>Capit\u00e3o P\u00e1tria<\/strong>,<strong>\u00a0Samantha Strong<\/strong>,\u00a0<strong>Red Sonja<\/strong>,<strong>\u00a0Vampirella<\/strong>,<strong>\u00a0Sub-Zero <\/strong>e <strong>Annabelle<\/strong>.<\/p>\n<p>Como eles precisam juntar o m\u00e1ximo poss\u00edvel de Energia \u00d4mega para domar\u00a0o<strong> Cora\u00e7\u00e3o de Apokolips<\/strong>, os her\u00f3is da <strong>DC <\/strong>ser\u00e3o for\u00e7ados a lutar contra esses campe\u00f5es de outros universos. H\u00e1 a expectativa de mais personagens surgirem de surpresa.<\/p>\n<p>Assinada por <strong>Jeremy Adams<\/strong>,\u00a0<strong>Carmine Di Giandomenico<\/strong>\u00a0e<strong>\u00a0Ronan Cliquet<\/strong>, <strong>DC K.O. Boss Battle<\/strong> chega \u00e0s lojas norte-americanas em <strong>4 de fevereiro<\/strong>.<\/p>\n<p>Leia tamb\u00e9m sobre a DC:<\/p>\n","protected":false},"excerpt":{"rendered":"Estimated reading time: 2 minutos Est\u00e1 chegando o dia em que o Superman\u00a0finalmente enfrentar\u00e1 o\u00a0Capit\u00e3o P\u00e1tria!\u00a0A\u00a0DC Comics liberou&hellip;\n","protected":false},"author":2,"featured_media":191144,"comment_status":"","ping_status":"","sticky":false,"template":"","format":"standard","meta":{"footnotes":""},"categories":[140],"tags":[24910,38507,38508,114,115,147,148,146,32,33,38509,38510,1248,19815,38511],"class_list":{"0":"post-191143","1":"post","2":"type-post","3":"status-publish","4":"format-standard","5":"has-post-thumbnail","7":"category-filmes","8":"tag-annabelle","9":"tag-capitao-patria","10":"tag-dc-k-o","11":"tag-entertainment","12":"tag-entretenimento","13":"tag-film","14":"tag-filmes","15":"tag-movies","16":"tag-portugal","17":"tag-pt","18":"tag-red-sonja","19":"tag-scott-snyder","20":"tag-superman","21":"tag-the-boys","22":"tag-vampirella"},"share_on_mastodon":{"url":"https:\/\/pubeurope.com\/@pt\/115731192498929782","error":""},"_links":{"self":[{"href":"https:\/\/www.europesays.com\/pt\/wp-json\/wp\/v2\/posts\/191143","targetHints":{"allow":["GET"]}}],"collection":[{"href":"https:\/\/www.europesays.com\/pt\/wp-json\/wp\/v2\/posts"}],"about":[{"href":"https:\/\/www.europesays.com\/pt\/wp-json\/wp\/v2\/types\/post"}],"author":[{"embeddable":true,"href":"https:\/\/www.europesays.com\/pt\/wp-json\/wp\/v2\/users\/2"}],"replies":[{"embeddable":true,"href":"https:\/\/www.europesays.com\/pt\/wp-json\/wp\/v2\/comments?post=191143"}],"version-history":[{"count":0,"href":"https:\/\/www.europesays.com\/pt\/wp-json\/wp\/v2\/posts\/191143\/revisions"}],"wp:featuredmedia":[{"embeddable":true,"href":"https:\/\/www.europesays.com\/pt\/wp-json\/wp\/v2\/media\/191144"}],"wp:attachment":[{"href":"https:\/\/www.europesays.com\/pt\/wp-json\/wp\/v2\/media?parent=191143"}],"wp:term":[{"taxonomy":"category","embeddable":true,"href":"https:\/\/www.europesays.com\/pt\/wp-json\/wp\/v2\/categories?post=191143"},{"taxonomy":"post_tag","embeddable":true,"href":"https:\/\/www.europesays.com\/pt\/wp-json\/wp\/v2\/tags?post=191143"}],"curies":[{"name":"wp","href":"https:\/\/api.w.org\/{rel}","templated":true}]}}