{"id":191147,"date":"2025-12-16T20:44:11","date_gmt":"2025-12-16T20:44:11","guid":{"rendered":"https:\/\/www.europesays.com\/pt\/191147\/"},"modified":"2025-12-16T20:44:11","modified_gmt":"2025-12-16T20:44:11","slug":"saude-de-biguacu-inicia-vacinacao-de-gestantes-contra-a-bronquiolite","status":"publish","type":"post","link":"https:\/\/www.europesays.com\/pt\/191147\/","title":{"rendered":"Sa\u00fade de Bigua\u00e7u inicia vacina\u00e7\u00e3o de gestantes contra a bronquiolite"},"content":{"rendered":"<p><strong>Imunizante \u00e9 disponibilizado nas Unidades B\u00e1sicas de Sa\u00fade do munic\u00edpio<\/strong><\/p>\n<p>A preven\u00e7\u00e3o e o cuidado come\u00e7am antes mesmo do nascimento! Com foco no bem-estar e qualidade de vida de m\u00e3es e beb\u00eas, a Prefeitura de Bigua\u00e7u, por meio da Secretaria Municipal de Sa\u00fade, iniciou nesta ter\u00e7a-feira (16) a vacina\u00e7\u00e3o de gestantes contra o V\u00edrus Sincicial Respirat\u00f3rio (VSR), principal causador da bronquiolite e de outras infec\u00e7\u00f5es do trato respirat\u00f3rio inferior (ITRI).<\/p>\n<p>O imunizante \u00e9 oferecido de forma gratuita para gr\u00e1vidas a partir da 28\u00aa semana de gesta\u00e7\u00e3o, sem restri\u00e7\u00e3o m\u00ednima ou m\u00e1xima de idade materna. A estrat\u00e9gia tem como objetivo prevenir as formas graves de doen\u00e7as associadas ao VSR em crian\u00e7as menores de seis meses de idade, por meio da imuniza\u00e7\u00e3o das gestantes.<\/p>\n<p>A aplica\u00e7\u00e3o \u00e9 realizada por profissionais capacitados, em todas as Unidades B\u00e1sicas de Sa\u00fade (UBS) do munic\u00edpio que possuem sala de vacinas. At\u00e9 23 de dezembro, os atendimentos seguem de acordo com os hor\u00e1rios habituais de funcionamento de cada UBS.\u00a0\u00a0<\/p>\n<p>Durante o recesso nos \u00f3rg\u00e3os p\u00fablicos municipais, nos dias 26, 29 e 30 de dezembro de 2025 e 2 de janeiro de 2026, o servi\u00e7o ser\u00e1 centralizado na UBS Fundos, retornando \u00e0 normalidade j\u00e1 no dia 5 de janeiro. A unidade, localizada na Rua Prefeito Hugo Amorim, S\/N, bairro Fundos, estar\u00e1 em funcionamento das 8h \u00e0s 17h.<\/p>\n<p>Para receber a vacina, \u00e9 necess\u00e1rio apresentar documento de identifica\u00e7\u00e3o com foto, Cart\u00e3o SUS e a caderneta de pr\u00e9-natal.<\/p>\n<p><strong>Por que a imuniza\u00e7\u00e3o \u00e9 essencial?<\/strong><\/p>\n<p>O V\u00edrus Sincicial Respirat\u00f3rio (VSR) \u00e9 a principal causa de infec\u00e7\u00e3o do trato respirat\u00f3rio inferior em crian\u00e7as menores de dois anos, sendo respons\u00e1vel por aproximadamente 75% dos casos de bronquiolite viral aguda e cerca de 40% dos casos de pneumonia nessa faixa et\u00e1ria, al\u00e9m de causar sequelas como sibil\u00e2ncia recorrente ou bronquiolite obliterante.<\/p>\n<p>Por se tratar de uma infec\u00e7\u00e3o viral, n\u00e3o existe tratamento espec\u00edfico para a bronquiolite, sendo os cuidados voltados principalmente ao controle dos sintomas. Nesse contexto, a vacina\u00e7\u00e3o das gestantes se consolida como a principal forma de preven\u00e7\u00e3o, reduzindo casos graves e hospitaliza\u00e7\u00f5es nos primeiros meses de vida.<\/p>\n<p>O esquema vacinal consiste em dose \u00fanica por gesta\u00e7\u00e3o, aplicada por via intramuscular, com volume de 0,5 mL, podendo ser administrada juntamente com outros imunizantes do calend\u00e1rio nacional.<\/p>\n<p>*Com informa\u00e7\u00f5es do Minist\u00e9rio da Sa\u00fade<\/p>\n","protected":false},"excerpt":{"rendered":"Imunizante \u00e9 disponibilizado nas Unidades B\u00e1sicas de Sa\u00fade do munic\u00edpio A preven\u00e7\u00e3o e o cuidado come\u00e7am antes mesmo&hellip;\n","protected":false},"author":2,"featured_media":191148,"comment_status":"","ping_status":"","sticky":false,"template":"","format":"standard","meta":{"footnotes":""},"categories":[86],"tags":[18405,6929,116,32,18406,33,117,20328],"class_list":{"0":"post-191147","1":"post","2":"type-post","3":"status-publish","4":"format-standard","5":"has-post-thumbnail","7":"category-saude","8":"tag-biguacu","9":"tag-gestantes","10":"tag-health","11":"tag-portugal","12":"tag-prefeitura-de-biguacu","13":"tag-pt","14":"tag-saude","15":"tag-virus-sincicial-respiratorio"},"share_on_mastodon":{"url":"https:\/\/pubeurope.com\/@pt\/115731199794113477","error":""},"_links":{"self":[{"href":"https:\/\/www.europesays.com\/pt\/wp-json\/wp\/v2\/posts\/191147","targetHints":{"allow":["GET"]}}],"collection":[{"href":"https:\/\/www.europesays.com\/pt\/wp-json\/wp\/v2\/posts"}],"about":[{"href":"https:\/\/www.europesays.com\/pt\/wp-json\/wp\/v2\/types\/post"}],"author":[{"embeddable":true,"href":"https:\/\/www.europesays.com\/pt\/wp-json\/wp\/v2\/users\/2"}],"replies":[{"embeddable":true,"href":"https:\/\/www.europesays.com\/pt\/wp-json\/wp\/v2\/comments?post=191147"}],"version-history":[{"count":0,"href":"https:\/\/www.europesays.com\/pt\/wp-json\/wp\/v2\/posts\/191147\/revisions"}],"wp:featuredmedia":[{"embeddable":true,"href":"https:\/\/www.europesays.com\/pt\/wp-json\/wp\/v2\/media\/191148"}],"wp:attachment":[{"href":"https:\/\/www.europesays.com\/pt\/wp-json\/wp\/v2\/media?parent=191147"}],"wp:term":[{"taxonomy":"category","embeddable":true,"href":"https:\/\/www.europesays.com\/pt\/wp-json\/wp\/v2\/categories?post=191147"},{"taxonomy":"post_tag","embeddable":true,"href":"https:\/\/www.europesays.com\/pt\/wp-json\/wp\/v2\/tags?post=191147"}],"curies":[{"name":"wp","href":"https:\/\/api.w.org\/{rel}","templated":true}]}}