{"id":191152,"date":"2025-12-16T20:47:21","date_gmt":"2025-12-16T20:47:21","guid":{"rendered":"https:\/\/www.europesays.com\/pt\/191152\/"},"modified":"2025-12-16T20:47:21","modified_gmt":"2025-12-16T20:47:21","slug":"o-vinho-ideal-para-o-natal-esta-com-desconto-no-pingo-doce-e-custa-299-euros","status":"publish","type":"post","link":"https:\/\/www.europesays.com\/pt\/191152\/","title":{"rendered":"O vinho ideal para o Natal est\u00e1 com desconto no Pingo Doce e custa 2,99 euros"},"content":{"rendered":"<p>J\u00e1 est\u00e1s em contagem decrescente para o Natal? N\u00e3o est\u00e1s sozinho. H\u00e1 quem j\u00e1 esteja a planear todos os detalhes dos jantares e almo\u00e7os dos dias mais importantes. Quem ainda n\u00e3o escolheu o vinho pode (e deve) espreitar o mais recente folheto do Pingo Doce.\u00a0<\/p>\n<p>Sim, n\u00e3o precisas de ir a uma garrafeira cara para impressionar os teus convidados, a cadeia de supermercados portuguesa tem v\u00e1rias refer\u00eancias populares e premiadas em promo\u00e7\u00e3o esta semana.\u00a0\u00c9 o caso do\u00a0<a href=\"https:\/\/www.pingodoce.pt\/home\/produtos\/bebidas\/vinho-tinto\/douro\/vinho-tinto-douro-fonte-da-perdiz-fonte-da-perdiz-872016.html?\" target=\"_blank\" rel=\"nofollow noopener\">Vinho Tinto Douro Fonte da Perdiz<\/a> que est\u00e1 com um desconto de 60% e, em vez de custar \u20ac9,99, acaba por ficar a \u20ac2,99.<\/p>\n<p>  <img loading=\"lazy\" decoding=\"async\" alt=\"\" height=\"980\" src=\"https:\/\/www.europesays.com\/pt\/wp-content\/uploads\/2025\/12\/69413c9bd34e3caad84c6e7a.webp\" width=\"311\"\/> <\/p>\n<p>    Vinho Tinto Douro Fonte da Perdiz, \u20ac2,99, (antes \u20ac9,99), Pingo Doce | Fotografia: D.R. <\/p>\n<p>O que tem este vinho de especial? Tem uma &#8220;cor vermelha intensa, aromas suaves e frescos a fruta fina e delicada&#8221;, l\u00ea-se no website d&#8217;Alma de Portugal. J\u00e1 &#8220;na boca a eleg\u00e2ncia dos taninos alia-se \u00e0 frescura da fruta e \u00e0 estrutura e volume bem definidos, termina de forma muito harmoniosa e agrad\u00e1vel&#8221;.\u00a0<\/p>\n<p>Para al\u00e9m disso, uma vers\u00e3o deste vinho, o Reserva de 2020, recebeu <a href=\"https:\/\/results.concoursmondial.com\/pt\/resultados\/2024\/216178-fonte-da-perdiz-reserva-2020?utm_source=chatgpt.com\" target=\"_blank\" rel=\"nofollow noopener\">medalha de ouro<\/a> no\u00a0Concours Mondial de Bruxelles, na B\u00e9lgica, em 2024.\u00a0<\/p>\n<p>\u00c9, sem d\u00favida, ideal para a \u00e9poca festiva porque, segundo o Chat GPT, acompanha bem as carnes vermelhas grelhadas ou assada, a carne de porco e ainda os queijos curados ou semi-curados (sim, aqueles que s\u00e3o servidos como entrada em quase todas as casas portuguesas nesta altura do ano).<\/p>\n","protected":false},"excerpt":{"rendered":"J\u00e1 est\u00e1s em contagem decrescente para o Natal? N\u00e3o est\u00e1s sozinho. H\u00e1 quem j\u00e1 esteja a planear todos&hellip;\n","protected":false},"author":2,"featured_media":191153,"comment_status":"","ping_status":"","sticky":false,"template":"","format":"standard","meta":{"footnotes":""},"categories":[83],"tags":[1081,88,204,4928,89,90,38512,754,186,1079,3366,32,2406,33,1078,1080,3911],"class_list":{"0":"post-191152","1":"post","2":"type-post","3":"status-publish","4":"format-standard","5":"has-post-thumbnail","7":"category-empresas","8":"tag-beleza","9":"tag-business","10":"tag-design","11":"tag-douro","12":"tag-economy","13":"tag-empresas","14":"tag-fonte-da-perdiz","15":"tag-gastronomia","16":"tag-lifestyle","17":"tag-moda","18":"tag-pingo-doce","19":"tag-portugal","20":"tag-promocao","21":"tag-pt","22":"tag-versa","23":"tag-viagens","24":"tag-vinho"},"share_on_mastodon":{"url":"https:\/\/pubeurope.com\/@pt\/115731211530266694","error":""},"_links":{"self":[{"href":"https:\/\/www.europesays.com\/pt\/wp-json\/wp\/v2\/posts\/191152","targetHints":{"allow":["GET"]}}],"collection":[{"href":"https:\/\/www.europesays.com\/pt\/wp-json\/wp\/v2\/posts"}],"about":[{"href":"https:\/\/www.europesays.com\/pt\/wp-json\/wp\/v2\/types\/post"}],"author":[{"embeddable":true,"href":"https:\/\/www.europesays.com\/pt\/wp-json\/wp\/v2\/users\/2"}],"replies":[{"embeddable":true,"href":"https:\/\/www.europesays.com\/pt\/wp-json\/wp\/v2\/comments?post=191152"}],"version-history":[{"count":0,"href":"https:\/\/www.europesays.com\/pt\/wp-json\/wp\/v2\/posts\/191152\/revisions"}],"wp:featuredmedia":[{"embeddable":true,"href":"https:\/\/www.europesays.com\/pt\/wp-json\/wp\/v2\/media\/191153"}],"wp:attachment":[{"href":"https:\/\/www.europesays.com\/pt\/wp-json\/wp\/v2\/media?parent=191152"}],"wp:term":[{"taxonomy":"category","embeddable":true,"href":"https:\/\/www.europesays.com\/pt\/wp-json\/wp\/v2\/categories?post=191152"},{"taxonomy":"post_tag","embeddable":true,"href":"https:\/\/www.europesays.com\/pt\/wp-json\/wp\/v2\/tags?post=191152"}],"curies":[{"name":"wp","href":"https:\/\/api.w.org\/{rel}","templated":true}]}}