{"id":191156,"date":"2025-12-16T20:49:25","date_gmt":"2025-12-16T20:49:25","guid":{"rendered":"https:\/\/www.europesays.com\/pt\/191156\/"},"modified":"2025-12-16T20:49:25","modified_gmt":"2025-12-16T20:49:25","slug":"aviso-laranja-para-seis-distritos-devido-a-agitacao-maritima","status":"publish","type":"post","link":"https:\/\/www.europesays.com\/pt\/191156\/","title":{"rendered":"Aviso laranja para seis distritos devido \u00e0 agita\u00e7\u00e3o mar\u00edtima"},"content":{"rendered":"<p>                Os distritos de Lisboa, Set\u00fabal, Leiria, Coimbra, Beja e Faro est\u00e3o, at\u00e9 quarta-feira, sob aviso laranja devido \u00e0 agita\u00e7\u00e3o mar\u00edtima forte, segundo o Instituto Portugu\u00eas do Mar e da Atmosfera.<\/p>\n<p><b>Estes seis distritos permanecem sob aviso laranja at\u00e9 \u00e0s 3h00 de quarta-feira<\/b>, passando depois a aviso amarelo.Em causa est\u00e1 a previs\u00e3o de ondas de noroeste entre cinco e seis metros, com possibilidade de picos mais elevados.<br \/>&#13;<br \/>\n&#13;\n<\/p>\n<p>Tamb\u00e9m em virtude do estado do mar,<b> os distritos do Porto, Viana do Castelo, Aveiro e Braga est\u00e3o sob aviso amarelo at\u00e9 \u00e0s 3h00 de quarta-feira<\/b>.<\/p>\n<p>A navega\u00e7\u00e3o \u00e0s barras mar\u00edtimas de Viana do Castelo, P\u00f3voa de Varzim, Vila do Conde, Douro, Figueira da Foz, Nazar\u00e9 e Cascais est\u00e3o encerradas, de acordo com a Autoridade Mar\u00edtima Nacional. A barra de Aveiro est\u00e1 condicionada a embarca\u00e7\u00f5es com comprimento inferior a 35 metros.<\/p>\n<p>Al\u00e9m da agita\u00e7\u00e3o mar\u00edtima, <b>o IPMA colocou Faro, Set\u00fabal, Lisboa, Leiria, Beja e Coimbra sob aviso amarelo devido a vento forte, com rajadas at\u00e9 80 quil\u00f3metros por hora, at\u00e9 \u00e0s 21h00 desta ter\u00e7a-feira<\/b>. As cidades da Guarda e Castelo Branco est\u00e3o igualmente sob aviso amarelo, mas por queda de neve acima dos 1.600 metros, at\u00e9 \u00e0s 15h00.O aviso laranja \u00e9 emitido sempre que existe uma &#13;<br \/>\n\u201csitua\u00e7\u00e3o meteorol\u00f3gica de risco moderado a elevado, enquanto o aviso &#13;<br \/>\namarelo sinaliza risco para determinadas atividades dependentes das &#13;<br \/>\ncondi\u00e7\u00f5es meteorol\u00f3gicas\u201d.<br \/>&#13;\n<\/p>\n<p>Na Madeira, foi emitido aviso amarelo para as costas norte e sul devido a vento forte, com rajadas at\u00e9 80 quil\u00f3metros por hora, em especial no extremo leste. <b>A costa norte da ilha da Madeira e o Porto Santo mant\u00eam-se sob aviso amarelo por agita\u00e7\u00e3o mar\u00edtima at\u00e9 \u00e0s 6h00 da pr\u00f3xima quarta-feira<\/b>.<\/p>\n<p>A Autoridade Nacional de Emerg\u00eancia e Prote\u00e7\u00e3o Civil aponta como principais cuidados a ter durante o aviso laranja: ter especial cuidado na circula\u00e7\u00e3o junto da orla costeira e zonas ribeirinhas, evitando se poss\u00edvel a circula\u00e7\u00e3o e perman\u00eancia nestes locais; n\u00e3o praticar atividades relacionadas com o mar, nomeadamente pesca desportiva, desportos n\u00e1uticos e passeios \u00e0 beira-mar, evitando ainda o estacionamento de ve\u00edculos muito pr\u00f3ximos da orla mar\u00edtima; estar atento \u00e0s informa\u00e7\u00f5es da meteorologia e \u00e0s indica\u00e7\u00f5es da Prote\u00e7\u00e3o Civil e For\u00e7as de Seguran\u00e7a.&#13;\n            <\/p>\n","protected":false},"excerpt":{"rendered":"Os distritos de Lisboa, Set\u00fabal, Leiria, Coimbra, Beja e Faro est\u00e3o, at\u00e9 quarta-feira, sob aviso laranja devido \u00e0&hellip;\n","protected":false},"author":2,"featured_media":191157,"comment_status":"","ping_status":"","sticky":false,"template":"","format":"standard","meta":{"footnotes":""},"categories":[10],"tags":[31385,23580,27,28,15,16,14,22200,25,26,21,22,31386,12,13,19,20,32,23,24,4908,33,17,18,29,30,31],"class_list":{"0":"post-191156","1":"post","2":"type-post","3":"status-publish","4":"format-standard","5":"has-post-thumbnail","7":"category-portugal","8":"tag-agitacao","9":"tag-aviso","10":"tag-breaking-news","11":"tag-breakingnews","12":"tag-featured-news","13":"tag-featurednews","14":"tag-headlines","15":"tag-laranja","16":"tag-latest-news","17":"tag-latestnews","18":"tag-main-news","19":"tag-mainnews","20":"tag-maritima","21":"tag-news","22":"tag-noticias","23":"tag-noticias-principais","24":"tag-noticiasprincipais","25":"tag-portugal","26":"tag-principais-noticias","27":"tag-principaisnoticias","28":"tag-protecao-civil","29":"tag-pt","30":"tag-top-stories","31":"tag-topstories","32":"tag-ultimas","33":"tag-ultimas-noticias","34":"tag-ultimasnoticias"},"share_on_mastodon":{"url":"https:\/\/pubeurope.com\/@pt\/115731219883569705","error":""},"_links":{"self":[{"href":"https:\/\/www.europesays.com\/pt\/wp-json\/wp\/v2\/posts\/191156","targetHints":{"allow":["GET"]}}],"collection":[{"href":"https:\/\/www.europesays.com\/pt\/wp-json\/wp\/v2\/posts"}],"about":[{"href":"https:\/\/www.europesays.com\/pt\/wp-json\/wp\/v2\/types\/post"}],"author":[{"embeddable":true,"href":"https:\/\/www.europesays.com\/pt\/wp-json\/wp\/v2\/users\/2"}],"replies":[{"embeddable":true,"href":"https:\/\/www.europesays.com\/pt\/wp-json\/wp\/v2\/comments?post=191156"}],"version-history":[{"count":0,"href":"https:\/\/www.europesays.com\/pt\/wp-json\/wp\/v2\/posts\/191156\/revisions"}],"wp:featuredmedia":[{"embeddable":true,"href":"https:\/\/www.europesays.com\/pt\/wp-json\/wp\/v2\/media\/191157"}],"wp:attachment":[{"href":"https:\/\/www.europesays.com\/pt\/wp-json\/wp\/v2\/media?parent=191156"}],"wp:term":[{"taxonomy":"category","embeddable":true,"href":"https:\/\/www.europesays.com\/pt\/wp-json\/wp\/v2\/categories?post=191156"},{"taxonomy":"post_tag","embeddable":true,"href":"https:\/\/www.europesays.com\/pt\/wp-json\/wp\/v2\/tags?post=191156"}],"curies":[{"name":"wp","href":"https:\/\/api.w.org\/{rel}","templated":true}]}}