{"id":191162,"date":"2025-12-16T20:54:14","date_gmt":"2025-12-16T20:54:14","guid":{"rendered":"https:\/\/www.europesays.com\/pt\/191162\/"},"modified":"2025-12-16T20:54:14","modified_gmt":"2025-12-16T20:54:14","slug":"francisco-macau-vai-parar-ao-hospital-e-e-submetido-a-cirurgia-estou-cheio-de-dores-secret-story","status":"publish","type":"post","link":"https:\/\/www.europesays.com\/pt\/191162\/","title":{"rendered":"Francisco Macau vai parar ao hospital e \u00e9 submetido a cirurgia: \u00abEstou cheio de dores\u00bb &#8211; Secret Story"},"content":{"rendered":"<p><strong>Francisco Macau<\/strong> foi parar ao hospital. O <a href=\"https:\/\/tvi.iol.pt\/secretstory\/francisco-macau\/sara-calado\/surpresa-este-ex-concorrente-vai-ser-pai-pela-2-vez-mas-ha-uma-duvida-que-paira-no-ar\" rel=\"nofollow noopener\" target=\"_blank\">finalista do <\/a><strong><a href=\"https:\/\/tvi.iol.pt\/secretstory\/francisco-macau\/sara-calado\/surpresa-este-ex-concorrente-vai-ser-pai-pela-2-vez-mas-ha-uma-duvida-que-paira-no-ar\" rel=\"nofollow noopener\" target=\"_blank\">Big Brother Famosos 3<\/a>,<\/strong> de 36 anos, foi submetido a uma cirurgia devido a um problema de sa\u00fade que se arrastava e contou tudo aos f\u00e3s.<\/p>\n<p>Atrav\u00e9s das redes sociais, o <a href=\"https:\/\/tvi.iol.pt\/secretstory\/fotos\/ha-algo-mais-a-unir-marcia-soares-e-joao-ricardo-e-estas-imagens-sao-a-prova-disso\/682ca211d34ef72ee446396a\" rel=\"nofollow noopener\" target=\"_blank\">personal trainer<\/a> fez a revela\u00e7\u00e3o, na legenda de uma partilha em que se mostra numa cama de hospital. \u00ab<strong>Nunca fui pessoa de deixar para amanh\u00e3.<\/strong> Nunca. Quando tenho de fazer algo, fa\u00e7o tudo para que aconte\u00e7a o quanto antes. Na vida o &#8216;empurrar com a barriga&#8217; <strong>s\u00f3 nos atrasa e hoje n\u00e3o foi exce\u00e7\u00e3o<\/strong>\u00bb, come\u00e7ou por contar.<\/p>\n<p>\u00abEstou cheio de dores, mas sei que tudo passa!\u00bb, prosseguiu<a href=\"https:\/\/tvi.iol.pt\/secretstory\/search?pagina=1&amp;pesquisa=francisco+macau\" rel=\"nofollow noopener\" target=\"_blank\"> Francisco Macau,<\/a>\u00a0revelando que, agora, vai ter de fazer uma pausa nos treinos. \u00ab<strong>Agora um m\u00eas sem treinar, que, para mim, vai ser um enorme desafio. <\/strong>Enaltecer tamb\u00e9m todo o cuidado e dedica\u00e7\u00e3o de todos os profissionais envolvidos do Hospital da Luz Oeiras, que tornou um dia dif\u00edcil, num dia muito mais leve. Obrigado, por tudo\u00bb, findou.\u00a0<\/p>\n<p><strong>Percorra a nossa galeria e veja as fotografias que Francisco Macau partilhou no hospital<\/strong><\/p>\n","protected":false},"excerpt":{"rendered":"Francisco Macau foi parar ao hospital. O finalista do Big Brother Famosos 3, de 36 anos, foi submetido&hellip;\n","protected":false},"author":2,"featured_media":191163,"comment_status":"","ping_status":"","sticky":false,"template":"","format":"standard","meta":{"footnotes":""},"categories":[142],"tags":[18706,114,115,18705,3503,5750,32,33,151,18704],"class_list":{"0":"post-191162","1":"post","2":"type-post","3":"status-publish","4":"format-standard","5":"has-post-thumbnail","7":"category-tv","8":"tag-bastidores-secret-story","9":"tag-entertainment","10":"tag-entretenimento","11":"tag-entrevistas-concorrentes-tvi","12":"tag-francisco-macau","13":"tag-operacao","14":"tag-portugal","15":"tag-pt","16":"tag-tv","17":"tag-vida-fora-da-casa"},"share_on_mastodon":{"url":"https:\/\/pubeurope.com\/@pt\/115731239438692252","error":""},"_links":{"self":[{"href":"https:\/\/www.europesays.com\/pt\/wp-json\/wp\/v2\/posts\/191162","targetHints":{"allow":["GET"]}}],"collection":[{"href":"https:\/\/www.europesays.com\/pt\/wp-json\/wp\/v2\/posts"}],"about":[{"href":"https:\/\/www.europesays.com\/pt\/wp-json\/wp\/v2\/types\/post"}],"author":[{"embeddable":true,"href":"https:\/\/www.europesays.com\/pt\/wp-json\/wp\/v2\/users\/2"}],"replies":[{"embeddable":true,"href":"https:\/\/www.europesays.com\/pt\/wp-json\/wp\/v2\/comments?post=191162"}],"version-history":[{"count":0,"href":"https:\/\/www.europesays.com\/pt\/wp-json\/wp\/v2\/posts\/191162\/revisions"}],"wp:featuredmedia":[{"embeddable":true,"href":"https:\/\/www.europesays.com\/pt\/wp-json\/wp\/v2\/media\/191163"}],"wp:attachment":[{"href":"https:\/\/www.europesays.com\/pt\/wp-json\/wp\/v2\/media?parent=191162"}],"wp:term":[{"taxonomy":"category","embeddable":true,"href":"https:\/\/www.europesays.com\/pt\/wp-json\/wp\/v2\/categories?post=191162"},{"taxonomy":"post_tag","embeddable":true,"href":"https:\/\/www.europesays.com\/pt\/wp-json\/wp\/v2\/tags?post=191162"}],"curies":[{"name":"wp","href":"https:\/\/api.w.org\/{rel}","templated":true}]}}