{"id":19117,"date":"2025-08-07T00:25:12","date_gmt":"2025-08-07T00:25:12","guid":{"rendered":"https:\/\/www.europesays.com\/pt\/19117\/"},"modified":"2025-08-07T00:25:12","modified_gmt":"2025-08-07T00:25:12","slug":"bobs-entra-no-lugar-de-mcdonalds-no-the-town","status":"publish","type":"post","link":"https:\/\/www.europesays.com\/pt\/19117\/","title":{"rendered":"Bob\u2019s entra no lugar de McDonald\u2019s no The Town"},"content":{"rendered":"<p>Rede de fast food ser\u00e1 a marca de hamb\u00farguer e milk show oficial do evento, que acontece em setembro, em S\u00e3o Paulo<\/p>\n<p>                <img fetchpriority=\"high\" aria-describedby=\"caption-attachment-616781\" loading=\"auto\" decoding=\"auto\" class=\"wp-image-616781\" src=\"https:\/\/www.europesays.com\/pt\/wp-content\/uploads\/2025\/08\/The-Town-Bobs-Credito-Divulgacao.jpg\" alt=\"Bob's\" width=\"616\" height=\"410\"  \/><\/p>\n<p id=\"caption-attachment-616781\" class=\"wp-caption-text\">Bob\u2019s ser\u00e1 a marca de hamburguer e milk shake oficial no The Town (Cr\u00e9dito: Divulga\u00e7\u00e3o)<\/p>\n<p>A rede de fast food Bob\u2019s ser\u00e1 a marca oficial de hamb\u00farguer e milk shake da edi\u00e7\u00e3o 2025 do <a href=\"https:\/\/www.meioemensagem.com.br\/marketing\/the-town-apresenta-uma-nova-atracao-a-the-tower\" target=\"_blank\" rel=\"noopener nofollow\"><strong>The Town<\/strong><\/a>, festival que acontecer\u00e1 em S\u00e3o Paulo nos dias 6, 7, 12, 13 e 14 de setembro.<\/p>\n<p>relacionado<a href=\"https:\/\/www.meioemensagem.com.br\/marketing\/vivo-e-porto-sorteiam-ingressos-para-o-the-town\" rel=\"nofollow noopener\" target=\"_blank\"><img width=\"275\" height=\"170\" src=\"https:\/\/www.europesays.com\/pt\/wp-content\/uploads\/2025\/08\/1280x852-thetown-cred-reproducao-x-site-275x170.jpg\" class=\"attachment-thumb_275x170 size-thumb_275x170 wp-post-image\" alt=\"The Town\" id=\"614184\"   loading=\"auto\" decoding=\"auto\"\/><\/p>\n<p class=\"titulo\">Vivo e Porto sorteiam ingressos para o The Town<\/p>\n<p><\/a><\/p>\n<p>Na primeira edi\u00e7\u00e3o do The Town, que aconteceu em 2023, foi o McDonald\u2019s que, como patrocinador, foi a rede de fast food oficial do evento, oferecendo seus produtos em uma loja, montada dentro do Aut\u00f3dromo de Interlagos.<\/p>\n<p>Essa ser\u00e1 a primeira participa\u00e7\u00e3o do Bob\u2019s no The Town, que ter\u00e1, no line-up, artistas como Travis Scott, Green Day, Camila Cabello, Katy Perry, Backstreet Boys, Mariah Carey e outros.<\/p>\n<p>Ao chegar ao The Town, o Bob\u2019s amplia a parceria que j\u00e1 mant\u00e9m com a Rock World no Rock in Rio, evento do qual a marca tamb\u00e9m \u00e9 patrocinadora j\u00e1 h\u00e1 algumas edi\u00e7\u00f5es.<\/p>\n<p>De acordo com a marca, a opera\u00e7\u00e3o de atendimento do Bob\u2019 no The Town ser\u00e1 realizado por um franqueado especializado em eventos.<\/p>\n","protected":false},"excerpt":{"rendered":"Rede de fast food ser\u00e1 a marca de hamb\u00farguer e milk show oficial do evento, que acontece em&hellip;\n","protected":false},"author":2,"featured_media":19118,"comment_status":"","ping_status":"","sticky":false,"template":"","format":"standard","meta":{"footnotes":""},"categories":[141],"tags":[114,115,149,150,32,33],"class_list":{"0":"post-19117","1":"post","2":"type-post","3":"status-publish","4":"format-standard","5":"has-post-thumbnail","7":"category-musica","8":"tag-entertainment","9":"tag-entretenimento","10":"tag-music","11":"tag-musica","12":"tag-portugal","13":"tag-pt"},"share_on_mastodon":{"url":"","error":""},"_links":{"self":[{"href":"https:\/\/www.europesays.com\/pt\/wp-json\/wp\/v2\/posts\/19117","targetHints":{"allow":["GET"]}}],"collection":[{"href":"https:\/\/www.europesays.com\/pt\/wp-json\/wp\/v2\/posts"}],"about":[{"href":"https:\/\/www.europesays.com\/pt\/wp-json\/wp\/v2\/types\/post"}],"author":[{"embeddable":true,"href":"https:\/\/www.europesays.com\/pt\/wp-json\/wp\/v2\/users\/2"}],"replies":[{"embeddable":true,"href":"https:\/\/www.europesays.com\/pt\/wp-json\/wp\/v2\/comments?post=19117"}],"version-history":[{"count":0,"href":"https:\/\/www.europesays.com\/pt\/wp-json\/wp\/v2\/posts\/19117\/revisions"}],"wp:featuredmedia":[{"embeddable":true,"href":"https:\/\/www.europesays.com\/pt\/wp-json\/wp\/v2\/media\/19118"}],"wp:attachment":[{"href":"https:\/\/www.europesays.com\/pt\/wp-json\/wp\/v2\/media?parent=19117"}],"wp:term":[{"taxonomy":"category","embeddable":true,"href":"https:\/\/www.europesays.com\/pt\/wp-json\/wp\/v2\/categories?post=19117"},{"taxonomy":"post_tag","embeddable":true,"href":"https:\/\/www.europesays.com\/pt\/wp-json\/wp\/v2\/tags?post=19117"}],"curies":[{"name":"wp","href":"https:\/\/api.w.org\/{rel}","templated":true}]}}