{"id":191172,"date":"2025-12-16T20:59:27","date_gmt":"2025-12-16T20:59:27","guid":{"rendered":"https:\/\/www.europesays.com\/pt\/191172\/"},"modified":"2025-12-16T20:59:27","modified_gmt":"2025-12-16T20:59:27","slug":"de-luto-diogo-bordin-desfeito-em-lagrimas-apos-receber-noticia-avassaladora-morreu-do-nada-secret-story","status":"publish","type":"post","link":"https:\/\/www.europesays.com\/pt\/191172\/","title":{"rendered":"De luto! Diogo Bordin desfeito em l\u00e1grimas ap\u00f3s receber not\u00edcia avassaladora: \u00abMorreu do nada\u00bb &#8211; Secret Story"},"content":{"rendered":"<p><strong>Diogo Bordin est\u00e1 de luto.<\/strong> O <a href=\"https:\/\/tvi.iol.pt\/secretstory\/search?pagina=1&amp;pesquisa=diogo+bordin\" rel=\"nofollow noopener\" target=\"_blank\">finalista do <strong>Big Brother 2025<\/strong><\/a> viajava para Barcelona quando recebeu uma not\u00edcia avassaladora: morreu um dos seus grandes amigos.\u00a0<\/p>\n<p>\u00abHoje, <strong>o mundo ficou menos claro e gentil.<\/strong> Muito obrigado por seres um exemplo, Lu! Imensas saudades!\u00bb, come\u00e7ou por dizer o modelo brasileiro, na legenda de duas fotografias que partilhou com o amigo, nos stories do Instagram.<\/p>\n<p>\u00ab<strong>Estou um pouco triste hoje. Acabei de ficar a saber que um amigo meu<\/strong> &#8211; que eu achava que ia encontrar assim que chegasse ao Brasil &#8211;<strong> faleceu<\/strong>. Faz-nos pensar, n\u00e3o \u00e9? A vida \u00e9 muito curta\u00bb, adiantou.<\/p>\n<p><strong>Pode ver aqui a partilha:\u00a0<\/strong><\/p>\n<p style=\"text-align:center\"><img loading=\"lazy\" decoding=\"async\" alt=\"\" height=\"711\" src=\"https:\/\/www.europesays.com\/pt\/wp-content\/uploads\/2025\/12\/69414680d34e3caad84c6f47.webp\" width=\"400\"\/><\/p>\n<p>Mais tarde,<a href=\"https:\/\/tvi.iol.pt\/secretstory\/diogo-bordin\/famosos\/sorridente-diogo-bordin-surge-ao-lado-de-mulher-famosa-e-declara-se-uma-pessoa-incrivel\" rel=\"nofollow noopener\" target=\"_blank\"> Diogo Bordin recorreu novamente \u00e0quela rede social <\/a>e partilhou um v\u00eddeo em que se mostra lavado em l\u00e1grimas. \u00abJ\u00e1 estou aqui em Barcelona. Queria aproveitar para deixar esta mensagem. Soube, a caminho, da morte do meu amigo. Foi uma viagem complicada. <strong>Gostava muito do Lu. Ele era um amigo. Um verdadeiro amigo. Ajudou-me muito, principalmente no ano passado. <\/strong>Era uma pessoa que sabia o que dizer na hora certa. Era uma pessoa feliz. Uma pessoa do bem. Ele morreu assim, do nada\u00bb, disse.<\/p>\n<p>\u00ab<strong>N\u00e3o vou conseguir chegar a tempo do vel\u00f3rio<\/strong>. N\u00e3o vou conseguir chegar a tempo de nada. Nem sei o que dizer. S\u00f3 que&#8230; a vida \u00e9 muito curta. Queria estar l\u00e1 agora para ir ao vel\u00f3rio e encontrar-me com os amigos e a fam\u00edlia dele\u00bb, findou.\u00a0<\/p>\n","protected":false},"excerpt":{"rendered":"Diogo Bordin est\u00e1 de luto. O finalista do Big Brother 2025 viajava para Barcelona quando recebeu uma not\u00edcia&hellip;\n","protected":false},"author":2,"featured_media":191173,"comment_status":"","ping_status":"","sticky":false,"template":"","format":"standard","meta":{"footnotes":""},"categories":[85],"tags":[18706,6989,114,115,18705,1339,32,33,18704],"class_list":{"0":"post-191172","1":"post","2":"type-post","3":"status-publish","4":"format-standard","5":"has-post-thumbnail","7":"category-entretenimento","8":"tag-bastidores-secret-story","9":"tag-diogo-bordin","10":"tag-entertainment","11":"tag-entretenimento","12":"tag-entrevistas-concorrentes-tvi","13":"tag-luto","14":"tag-portugal","15":"tag-pt","16":"tag-vida-fora-da-casa"},"share_on_mastodon":{"url":"https:\/\/pubeurope.com\/@pt\/115731259075411494","error":""},"_links":{"self":[{"href":"https:\/\/www.europesays.com\/pt\/wp-json\/wp\/v2\/posts\/191172","targetHints":{"allow":["GET"]}}],"collection":[{"href":"https:\/\/www.europesays.com\/pt\/wp-json\/wp\/v2\/posts"}],"about":[{"href":"https:\/\/www.europesays.com\/pt\/wp-json\/wp\/v2\/types\/post"}],"author":[{"embeddable":true,"href":"https:\/\/www.europesays.com\/pt\/wp-json\/wp\/v2\/users\/2"}],"replies":[{"embeddable":true,"href":"https:\/\/www.europesays.com\/pt\/wp-json\/wp\/v2\/comments?post=191172"}],"version-history":[{"count":0,"href":"https:\/\/www.europesays.com\/pt\/wp-json\/wp\/v2\/posts\/191172\/revisions"}],"wp:featuredmedia":[{"embeddable":true,"href":"https:\/\/www.europesays.com\/pt\/wp-json\/wp\/v2\/media\/191173"}],"wp:attachment":[{"href":"https:\/\/www.europesays.com\/pt\/wp-json\/wp\/v2\/media?parent=191172"}],"wp:term":[{"taxonomy":"category","embeddable":true,"href":"https:\/\/www.europesays.com\/pt\/wp-json\/wp\/v2\/categories?post=191172"},{"taxonomy":"post_tag","embeddable":true,"href":"https:\/\/www.europesays.com\/pt\/wp-json\/wp\/v2\/tags?post=191172"}],"curies":[{"name":"wp","href":"https:\/\/api.w.org\/{rel}","templated":true}]}}