{"id":191178,"date":"2025-12-16T21:02:41","date_gmt":"2025-12-16T21:02:41","guid":{"rendered":"https:\/\/www.europesays.com\/pt\/191178\/"},"modified":"2025-12-16T21:02:41","modified_gmt":"2025-12-16T21:02:41","slug":"admirador-de-pinochet-quem-e-jose-antonio-kast-o-novo-presidente-do-chile","status":"publish","type":"post","link":"https:\/\/www.europesays.com\/pt\/191178\/","title":{"rendered":"Admirador de Pinochet. Quem \u00e9 Jos\u00e9 Antonio Kast, o novo presidente do Chile?"},"content":{"rendered":"<p>                Jos\u00e9 Antonio Kast foi eleito presidente do Chile no domingo, \u00e0 terceira tentativa, com 58,2 por cento dos votos, derrotando Jeannette Jara, do Partido Comunista, que obteve 41,7 por cento. A vit\u00f3ria marca a chegada da direita radical ao Pal\u00e1cio de La Moneda pela primeira vez desde o retorno da democracia, h\u00e1 35 anos, e confirma uma viragem conservadora num dos pa\u00edses mais ricos da Am\u00e9rica Latina.<\/p>\n<p>Tem 59 anos, \u00e9 advogado, pai de nove filhos e cat\u00f3lico devoto. <b>Kast construiu a sua campanha em torno da promessa de lei e ordem, num contexto de crescente preocupa\u00e7\u00e3o social com a criminalidade e a imigra\u00e7\u00e3o<\/b>, apesar de os dados oficiais indicarem que os n\u00edveis de viol\u00eancia n\u00e3o s\u00e3o t\u00e3o elevados quanto a perce\u00e7\u00e3o p\u00fablica.<\/p>\n<p>Natural de Santiago, formou-se em Direito na Universidade Cat\u00f3lica do Chile e exerce pol\u00edtica h\u00e1 cerca de 30 anos. <b>Tornou-se uma figura controversa pela sua admira\u00e7\u00e3o declarada pela ditadura de Augusto Pinochet<\/b> e por ter defendido a continuidade do regime militar no plebiscito de 1988.Pinochet governou o pa\u00eds entre 1973 e 1990 e o seu regime foi respons\u00e1vel pelas mortes de mais de tr\u00eas mil chilenos.<br \/>&#13;<br \/>\n&#13;\n<\/p>\n<p>Durante a campanha, <b>Kast prometeu deporta\u00e7\u00f5es em massa de imigrantes ilegais, a criminaliza\u00e7\u00e3o da imigra\u00e7\u00e3o irregular e a constru\u00e7\u00e3o de pris\u00f5es de seguran\u00e7a m\u00e1xima com isolamento total para l\u00edderes do narcotr\u00e1fico<\/b>. <\/p>\n<p><b>Alertou ainda os migrantes para que \u201cfa\u00e7am as malas e v\u00e3o-se embora\u201d<\/b>. <\/p>\n<p>Tamb\u00e9m afirmou que a imigra\u00e7\u00e3o faz parte de uma conspira\u00e7\u00e3o da \u201cesquerda radical\u201d para destruir as liberdades e acusou os imigrantes de ocuparem casas, camas hospitalares e recursos p\u00fablicos destinados aos chilenos. <\/p>\n<p><b>&#8220;Disseram-nos que n\u00e3o podiam fechar as fronteiras e agora n\u00e3o podemos abrir as nossas janelas por medo da viol\u00eancia&#8221;<\/b>, disse.<br \/>&#13;<br \/>\n\u201cAntiaborto\u201d e contra casamento homossexual <br \/>&#13;<br \/>\nNo plano social, mant\u00e9m posi\u00e7\u00f5es fortemente conservadoras. <b>Op\u00f5e-se ao aborto mesmo em casos de viola\u00e7\u00e3o, \u00e9 contra a contrace\u00e7\u00e3o de emerg\u00eancia, o div\u00f3rcio, o casamento entre pessoas do mesmo sexo e a eutan\u00e1sia<\/b>.No passado, chegou a proibir a pr\u00f3pria mulher, a advogada Maria Pia Adriasola, de usar p\u00edlulas anticoncecionais.<br \/>&#13;<br \/>\n&#13;\n<\/p>\n<p>Kast rompeu em 2016 com o principal partido conservador chileno para fundar o Partido Republicano, de linha mais radical. <\/p>\n<p><b>Apesar do discurso, o seu percurso legislativo \u00e9 considerado limitado, tendo-se destacado sobretudo por leis relacionadas com a constru\u00e7\u00e3o de est\u00e1tuas, a concess\u00e3o de um passaporte chileno a uma freira e a regula\u00e7\u00e3o das lotarias<\/b>.<\/p>\n<p>Filho de imigrantes alem\u00e3es e o mais novo de dez irm\u00e3os, <b>herdou um neg\u00f3cio familiar de salsichas<\/b>. H\u00e1 <b>suspeitas de que o seu pai tenha sido membro do Partido Nazi<\/b> e combatido na Segunda Guerra Mundial, algo que Kast atribui a um alistamento for\u00e7ado, afirmando n\u00e3o acreditar na ideologia nazi.<\/p>\n<p>Durante a campanha eleitoral, surgiu diversas vezes atr\u00e1s de um vidro \u00e0 prova de balas e admitiu possuir arma. Ainda assim, <b>\u00e9 descrito por analistas como um l\u00edder reservado e cauteloso, distante do estilo aguerrido de figuras como Jair Bolsonaro, Javier Milei ou Donald Trump<\/b>.<br \/>&#13;<br \/>\nA ascens\u00e3o da direita radical pelo mundo <br \/>&#13;<br \/>\n&#13;<br \/>\n<br \/>&#13;<br \/>\nA jornalista chilena Amanda Marton definiu-o como <b>\u201cs\u00f3brio, pragm\u00e1tico e calmo\u201d<\/b>. Antigos colegas, contudo, tra\u00e7am um retrato d\u00edspar. <b>\u201cOu se est\u00e1 com ele ou contra ele\u201d<\/b>, recordou a jornalista Lily Zuniga, acrescentando que Kast \u201csente-se destinado \u00e0 grandeza\u201d. J\u00e1 os seus apoiantes destacam a disciplina, persist\u00eancia e \u00e9tica de trabalho, afirmando que sabe ser flex\u00edvel quando necess\u00e1rio.Na campanha que o levou \u00e0 vit\u00f3ria, Kast procurou desvalorizar a agenda moral e concentrar-se na seguran\u00e7a e na imigra\u00e7\u00e3o.<br \/>&#13;\n<\/p>\n<p>A ascens\u00e3o de Kast ocorre num contexto mais amplo de avan\u00e7o da direita conservadora na Am\u00e9rica Latina e no mundo, ap\u00f3s a reelei\u00e7\u00e3o de Donald Trump nos Estados Unidos e o crescimento de partidos semelhantes na Europa, com  partidos como o Chega em Portugal, o Vox em Espanha, Alternativa para a Alemanha (AfD) ou a Frente Nacional da Fran\u00e7a liderada por Marine Le Pen, na Fran\u00e7a.Segundo o pol\u00edtico e autor do livro O Fim da Vergonha- Como a direita radical se normalizou, Vicente Valentim, o sucesso das ideias de direita radical resulta em grande parte da \u201credu\u00e7\u00e3o do estigma pol\u00edtico sobre uma ideologia e n\u00e3o numa mudan\u00e7a de prefer\u00eancias pol\u00edticas\u201d.<\/p>\n<p><b>&#13;<br \/>\nJos\u00e9 Antonio Kast vai tomar posse a 11 de mar\u00e7o de 2026, quando receber\u00e1 a faixa presidencial do atual chefe de Estado, Gabriel Boric, o mesmo advers\u00e1rio que o derrotou em 2021<\/b>. <\/p>\n<p>Desta vez, o eleitorado chileno escolheu um rumo claramente diferente.<br \/>&#13;\n            <\/p>\n","protected":false},"excerpt":{"rendered":"Jos\u00e9 Antonio Kast foi eleito presidente do Chile no domingo, \u00e0 terceira tentativa, com 58,2 por cento dos&hellip;\n","protected":false},"author":2,"featured_media":191179,"comment_status":"","ping_status":"","sticky":false,"template":"","format":"standard","meta":{"footnotes":""},"categories":[50],"tags":[27,28,15520,2258,9041,15,16,14,38516,25,26,21,22,62,12,13,19,20,5215,3281,23,24,17,18,29,30,31,38517,63,64,65],"class_list":{"0":"post-191178","1":"post","2":"type-post","3":"status-publish","4":"format-standard","5":"has-post-thumbnail","7":"category-mundo","8":"tag-breaking-news","9":"tag-breakingnews","10":"tag-chile","11":"tag-eleicoes","12":"tag-extrema-direita","13":"tag-featured-news","14":"tag-featurednews","15":"tag-headlines","16":"tag-jose-antonio-kast","17":"tag-latest-news","18":"tag-latestnews","19":"tag-main-news","20":"tag-mainnews","21":"tag-mundo","22":"tag-news","23":"tag-noticias","24":"tag-noticias-principais","25":"tag-noticiasprincipais","26":"tag-presidenciais","27":"tag-presidente","28":"tag-principais-noticias","29":"tag-principaisnoticias","30":"tag-top-stories","31":"tag-topstories","32":"tag-ultimas","33":"tag-ultimas-noticias","34":"tag-ultimasnoticias","35":"tag-ultraconservador","36":"tag-world","37":"tag-world-news","38":"tag-worldnews"},"share_on_mastodon":{"url":"","error":"Validation failed: Text character limit of 500 exceeded"},"_links":{"self":[{"href":"https:\/\/www.europesays.com\/pt\/wp-json\/wp\/v2\/posts\/191178","targetHints":{"allow":["GET"]}}],"collection":[{"href":"https:\/\/www.europesays.com\/pt\/wp-json\/wp\/v2\/posts"}],"about":[{"href":"https:\/\/www.europesays.com\/pt\/wp-json\/wp\/v2\/types\/post"}],"author":[{"embeddable":true,"href":"https:\/\/www.europesays.com\/pt\/wp-json\/wp\/v2\/users\/2"}],"replies":[{"embeddable":true,"href":"https:\/\/www.europesays.com\/pt\/wp-json\/wp\/v2\/comments?post=191178"}],"version-history":[{"count":0,"href":"https:\/\/www.europesays.com\/pt\/wp-json\/wp\/v2\/posts\/191178\/revisions"}],"wp:featuredmedia":[{"embeddable":true,"href":"https:\/\/www.europesays.com\/pt\/wp-json\/wp\/v2\/media\/191179"}],"wp:attachment":[{"href":"https:\/\/www.europesays.com\/pt\/wp-json\/wp\/v2\/media?parent=191178"}],"wp:term":[{"taxonomy":"category","embeddable":true,"href":"https:\/\/www.europesays.com\/pt\/wp-json\/wp\/v2\/categories?post=191178"},{"taxonomy":"post_tag","embeddable":true,"href":"https:\/\/www.europesays.com\/pt\/wp-json\/wp\/v2\/tags?post=191178"}],"curies":[{"name":"wp","href":"https:\/\/api.w.org\/{rel}","templated":true}]}}