{"id":191182,"date":"2025-12-16T21:04:25","date_gmt":"2025-12-16T21:04:25","guid":{"rendered":"https:\/\/www.europesays.com\/pt\/191182\/"},"modified":"2025-12-16T21:04:25","modified_gmt":"2025-12-16T21:04:25","slug":"queixas-nos-autocarros-e-suposto-a-viagem-ser-direta-mas-para-sempre-nas-terrinhas","status":"publish","type":"post","link":"https:\/\/www.europesays.com\/pt\/191182\/","title":{"rendered":"Queixas nos autocarros: &#8220;\u00c9 suposto a viagem ser direta, mas p\u00e1ra sempre nas terrinhas&#8221;"},"content":{"rendered":"<p data-remotead-prev-elm=\"true\" data-remotead-elm-id=\"inread\">Joana Pereira, de 24 anos, espera pela hora da viagem para a Covilh\u00e3. O percurso j\u00e1 faz parte da sua vida h\u00e1 seis anos, quando escolheu a Universidade da Beira Interior para frequentar o curso de Medicina. Agora, rec\u00e9m-licenciada, vai manter a rotina e continuar a rumar \u00e0 cidade do Interior do pa\u00eds para exercer a profiss\u00e3o, at\u00e9 porque o autocarro \u00e9 a \u00fanica alternativa para l\u00e1 chegar. Segundo a jovem, o servi\u00e7o das operadoras \u00e9 &#8220;suficiente&#8221;, mas &#8220;n\u00e3o exatamente o que prometem&#8221; na hora de comprar o bilhete. &#8220;\u00c9 suposto a viagem ser direta, mas o autocarro p\u00e1ra sempre em Albergaria, Viseu, na Guarda e em algumas terrinhas mais pequenas&#8221;, explica, acabando por durar mais de tr\u00eas horas e 40 minutos. A m\u00e9dica conta ainda que &#8220;as casas de banho, muitas vezes, n\u00e3o est\u00e3o abertas e muitos autocarros n\u00e3o t\u00eam Internet, nem tomadas&#8221;.<\/p>\n<p>Acesso exclusivo a assinantes<\/p>\n<p>Acesso ilimitado a conte\u00fados exclusivos<\/p>\n<p>Navega\u00e7\u00e3o sem publicidade intrusiva<\/p>\n<p>Vers\u00e3o digital do jornal, suplementos e revistas<\/p>\n","protected":false},"excerpt":{"rendered":"Joana Pereira, de 24 anos, espera pela hora da viagem para a Covilh\u00e3. O percurso j\u00e1 faz parte&hellip;\n","protected":false},"author":2,"featured_media":191183,"comment_status":"","ping_status":"","sticky":false,"template":"","format":"standard","meta":{"footnotes":""},"categories":[8],"tags":[24050,27,28,15,16,38339,14,25,26,21,22,619,12,13,19,20,32,23,24,33,38338,17,18,2588,29,30,31],"class_list":{"0":"post-191182","1":"post","2":"type-post","3":"status-publish","4":"format-standard","5":"has-post-thumbnail","7":"category-principais-noticias","8":"tag-autocarros","9":"tag-breaking-news","10":"tag-breakingnews","11":"tag-featured-news","12":"tag-featurednews","13":"tag-flixbus","14":"tag-headlines","15":"tag-latest-news","16":"tag-latestnews","17":"tag-main-news","18":"tag-mainnews","19":"tag-nacional","20":"tag-news","21":"tag-noticias","22":"tag-noticias-principais","23":"tag-noticiasprincipais","24":"tag-portugal","25":"tag-principais-noticias","26":"tag-principaisnoticias","27":"tag-pt","28":"tag-rede-expressos","29":"tag-top-stories","30":"tag-topstories","31":"tag-transportes","32":"tag-ultimas","33":"tag-ultimas-noticias","34":"tag-ultimasnoticias"},"share_on_mastodon":{"url":"https:\/\/pubeurope.com\/@pt\/115731278598021235","error":""},"_links":{"self":[{"href":"https:\/\/www.europesays.com\/pt\/wp-json\/wp\/v2\/posts\/191182","targetHints":{"allow":["GET"]}}],"collection":[{"href":"https:\/\/www.europesays.com\/pt\/wp-json\/wp\/v2\/posts"}],"about":[{"href":"https:\/\/www.europesays.com\/pt\/wp-json\/wp\/v2\/types\/post"}],"author":[{"embeddable":true,"href":"https:\/\/www.europesays.com\/pt\/wp-json\/wp\/v2\/users\/2"}],"replies":[{"embeddable":true,"href":"https:\/\/www.europesays.com\/pt\/wp-json\/wp\/v2\/comments?post=191182"}],"version-history":[{"count":0,"href":"https:\/\/www.europesays.com\/pt\/wp-json\/wp\/v2\/posts\/191182\/revisions"}],"wp:featuredmedia":[{"embeddable":true,"href":"https:\/\/www.europesays.com\/pt\/wp-json\/wp\/v2\/media\/191183"}],"wp:attachment":[{"href":"https:\/\/www.europesays.com\/pt\/wp-json\/wp\/v2\/media?parent=191182"}],"wp:term":[{"taxonomy":"category","embeddable":true,"href":"https:\/\/www.europesays.com\/pt\/wp-json\/wp\/v2\/categories?post=191182"},{"taxonomy":"post_tag","embeddable":true,"href":"https:\/\/www.europesays.com\/pt\/wp-json\/wp\/v2\/tags?post=191182"}],"curies":[{"name":"wp","href":"https:\/\/api.w.org\/{rel}","templated":true}]}}