{"id":191184,"date":"2025-12-16T21:05:24","date_gmt":"2025-12-16T21:05:24","guid":{"rendered":"https:\/\/www.europesays.com\/pt\/191184\/"},"modified":"2025-12-16T21:05:24","modified_gmt":"2025-12-16T21:05:24","slug":"o-que-pode-ter-causado-incidente-com-carro-durante-gravacao-de-especial-de-fim-de-ano","status":"publish","type":"post","link":"https:\/\/www.europesays.com\/pt\/191184\/","title":{"rendered":"o que pode ter causado incidente com carro durante grava\u00e7\u00e3o de especial de fim de ano?"},"content":{"rendered":"\n<p class=\" content-text__container theme-color-primary-first-letter\" data-track-category=\"Link no Texto\" data-track-links=\"\"> O cantor <a class=\"\" href=\"https:\/\/oglobo.globo.com\/tudo-sobre\/personalidade\/roberto-carlos\" rel=\"nofollow noopener\" target=\"_blank\">Roberto Carlos<\/a> se envolveu em um acidente na madrugada o \u00faltimo domingo, em Gramado, na Serra Ga\u00facha, enquanto participava da grava\u00e7\u00e3o do clipe de abertura do tradicional especial de fim de ano da TV Globo. O artista dirigia um Cadillac modelo 1960, utilizado na produ\u00e7\u00e3o audiovisual, que apresentou problemas no sistema de freios. <\/p>\n<ul class=\"content-unordered-list\">\n<li><strong>Peter Greene<\/strong>: <a class=\"\" href=\"https:\/\/oglobo.globo.com\/cultura\/noticia\/2025\/12\/13\/peter-greene-saiba-quem-era-o-ator-de-o-maskara-encontrado-morto-em-apartamento-nos-eua.ghtml\" rel=\"nofollow noopener\" target=\"_blank\">Saiba quem era o ator de &#8216;O M\u00e1skara&#8217; encontrado morto em apartamento nos EUA<\/a><\/li>\n<li><strong>Frank Sinatra completaria 110 anos<\/strong>: <a class=\"\" href=\"https:\/\/oglobo.globo.com\/cultura\/noticia\/2025\/12\/12\/frank-sinatra-completaria-110-anos-relembre-a-vida-do-artista-que-se-tornou-simbolo-do-seculo-xx-na-musica-e-no-cinema.ghtml\" rel=\"nofollow noopener\" target=\"_blank\">Relembre a vida do artista que se tornou s\u00edmbolo do s\u00e9culo XX na m\u00fasica e no cinema<\/a><\/li>\n<\/ul>\n<p class=\" content-text__container \" data-track-category=\"Link no Texto\" data-track-links=\"\"> Segundo especialistas, o acidente envolvendo o carro dirigido pelo cantor pode estar relacionado \u00e0s caracter\u00edsticas t\u00e9cnicas do ve\u00edculo, um modelo antigo que utiliza sistemas de frenagem distintos dos encontrados nos autom\u00f3veis modernos. <\/p>\n<p class=\" content-text__container \" data-track-category=\"Link no Texto\" data-track-links=\"\"> Em entrevista \u00e0 CNN, o t\u00e9cnico em automobil\u00edstica Anderson Cesar Lira explicou que esse tipo de carro opera com mecanismos essencialmente mec\u00e2nicos e hidr\u00e1ulicos, sem o suporte de recursos eletr\u00f4nicos que hoje auxiliam o motorista em situa\u00e7\u00f5es de emerg\u00eancia. <\/p>\n<p class=\" content-text__container \" data-track-category=\"Link no Texto\" data-track-links=\"\"> No funcionamento b\u00e1sico desses ve\u00edculos, ao acionar o pedal de freio, o motorista ativa o cilindro mestre, respons\u00e1vel por bombear o fluido de freio at\u00e9 as rodas. Esse fluido pressiona pastilhas ou lonas, que entram em atrito com discos ou tambores para reduzir a velocidade. <\/p>\n<p class=\" content-text__container \" data-track-category=\"Link no Texto\" data-track-links=\"\"> No caso de modelos como o Cadillac Eldorado, \u00e9 comum o uso de freios a tambor nas quatro rodas, um conjunto considerado menos eficiente do que os sistemas a disco e mais sens\u00edvel a desgaste e falhas decorrentes de manuten\u00e7\u00e3o inadequada. <\/p>\n<p class=\" content-text__container \" data-track-category=\"Link no Texto\" data-track-links=\"\"> Entre as poss\u00edveis causas de mau funcionamento est\u00e3o vazamentos de fluido, entrada de ar no sistema hidr\u00e1ulico e problemas no pr\u00f3prio cilindro mestre. Segundo Lira, pode ocorrer vazamento interno nesse componente, situa\u00e7\u00e3o em que o motorista pisa no pedal, que chega a descer normalmente, mas a press\u00e3o do fluido n\u00e3o \u00e9 transmitida de forma suficiente \u00e0s rodas. Nesses casos, o pedal pode apresentar sensa\u00e7\u00e3o de estar \u201cfofo\u201d, enquanto o ve\u00edculo n\u00e3o reduz a velocidade como esperado. <\/p>\n<p class=\" content-text__container \" data-track-category=\"Link no Texto\" data-track-links=\"\"> Outro ponto destacado \u00e9 o papel do servofreio, tamb\u00e9m conhecido como hidrov\u00e1cuo, sistema que utiliza o v\u00e1cuo gerado pelo motor para reduzir o esfor\u00e7o necess\u00e1rio no pedal. Quando esse mecanismo falha, o pedal tende a ficar mais r\u00edgido, exigindo mais for\u00e7a do condutor para frear. Em situa\u00e7\u00f5es espec\u00edficas, como perda de rota\u00e7\u00e3o do motor ou funcionamento irregular, esse aux\u00edlio pode diminuir ou deixar de atuar, provocando uma mudan\u00e7a brusca na resposta do freio, especialmente percept\u00edvel em ve\u00edculos mais antigos. <\/p>\n<p class=\" content-text__container \" data-track-category=\"Link no Texto\" data-track-links=\"\"> De acordo com o Comando Rodovi\u00e1rio da Brigada Militar, o ve\u00edculo apresentou uma falha mec\u00e2nica no sistema de freios ao subir uma ladeira \u00edngreme. Sem controle, o carro acabou descendo a via de r\u00e9 e colidiu com outros tr\u00eas ve\u00edculos que estavam no local. Em seguida, o Cadillac atingiu uma \u00e1rvore. <\/p>\n<p class=\" content-text__container \" data-track-category=\"Link no Texto\" data-track-links=\"\"> Ap\u00f3s o acidente, Roberto Carlos e outras tr\u00eas pessoas envolvidas foram encaminhados a um hospital da regi\u00e3o para a realiza\u00e7\u00e3o de exames m\u00e9dicos. Segundo informa\u00e7\u00f5es da RBS TV, todos passaram por avalia\u00e7\u00e3o e foram liberados, sem registro de ferimentos graves. <\/p>\n<p class=\" content-text__container \" data-track-category=\"Link no Texto\" data-track-links=\"\"> O cantor estava em Gramado exclusivamente para a grava\u00e7\u00e3o do especial de fim de ano da TV Globo, cuja produ\u00e7\u00e3o inclu\u00eda as cenas que estavam sendo filmadas no momento do acidente. <\/p>\n","protected":false},"excerpt":{"rendered":"O cantor Roberto Carlos se envolveu em um acidente na madrugada o \u00faltimo domingo, em Gramado, na Serra&hellip;\n","protected":false},"author":2,"featured_media":191185,"comment_status":"","ping_status":"","sticky":false,"template":"","format":"standard","meta":{"footnotes":""},"categories":[145],"tags":[211,210,114,115,319,32,33,318,3976],"class_list":{"0":"post-191184","1":"post","2":"type-post","3":"status-publish","4":"format-standard","5":"has-post-thumbnail","7":"category-celebridades","8":"tag-celebridades","9":"tag-celebrities","10":"tag-entertainment","11":"tag-entretenimento","12":"tag-hard-news","13":"tag-portugal","14":"tag-pt","15":"tag-radar","16":"tag-roberto-carlos"},"share_on_mastodon":{"url":"https:\/\/pubeurope.com\/@pt\/115731282489849327","error":""},"_links":{"self":[{"href":"https:\/\/www.europesays.com\/pt\/wp-json\/wp\/v2\/posts\/191184","targetHints":{"allow":["GET"]}}],"collection":[{"href":"https:\/\/www.europesays.com\/pt\/wp-json\/wp\/v2\/posts"}],"about":[{"href":"https:\/\/www.europesays.com\/pt\/wp-json\/wp\/v2\/types\/post"}],"author":[{"embeddable":true,"href":"https:\/\/www.europesays.com\/pt\/wp-json\/wp\/v2\/users\/2"}],"replies":[{"embeddable":true,"href":"https:\/\/www.europesays.com\/pt\/wp-json\/wp\/v2\/comments?post=191184"}],"version-history":[{"count":0,"href":"https:\/\/www.europesays.com\/pt\/wp-json\/wp\/v2\/posts\/191184\/revisions"}],"wp:featuredmedia":[{"embeddable":true,"href":"https:\/\/www.europesays.com\/pt\/wp-json\/wp\/v2\/media\/191185"}],"wp:attachment":[{"href":"https:\/\/www.europesays.com\/pt\/wp-json\/wp\/v2\/media?parent=191184"}],"wp:term":[{"taxonomy":"category","embeddable":true,"href":"https:\/\/www.europesays.com\/pt\/wp-json\/wp\/v2\/categories?post=191184"},{"taxonomy":"post_tag","embeddable":true,"href":"https:\/\/www.europesays.com\/pt\/wp-json\/wp\/v2\/tags?post=191184"}],"curies":[{"name":"wp","href":"https:\/\/api.w.org\/{rel}","templated":true}]}}