{"id":191186,"date":"2025-12-16T21:06:07","date_gmt":"2025-12-16T21:06:07","guid":{"rendered":"https:\/\/www.europesays.com\/pt\/191186\/"},"modified":"2025-12-16T21:06:07","modified_gmt":"2025-12-16T21:06:07","slug":"unica-mansao-de-oscar-niemeyer-em-sao-paulo-vai-a-venda-por-r-15-milhoes","status":"publish","type":"post","link":"https:\/\/www.europesays.com\/pt\/191186\/","title":{"rendered":"\u00danica mans\u00e3o de Oscar Niemeyer em S\u00e3o Paulo vai \u00e0 venda por R$ 15 milh\u00f5es"},"content":{"rendered":"<p>Concreto aparente, grandes pain\u00e9is de vidro e ambientes sem divis\u00f5es r\u00edgidas criam a sensa\u00e7\u00e3o de continuidade entre interior e exterior.<\/p>\n<p>A rampa de madeira que liga os pavimentos virou um dos s\u00edmbolos da casa, remetendo \u00e0s solu\u00e7\u00f5es monumentais adotadas pelo arquiteto em Bras\u00edlia. Entre os moradores, o corredor curvo dos quartos ganhou o apelido de \u201cbarriguinha\u201d.<\/p>\n<p>Luxo, hist\u00f3ria e futuro em debate<\/p>\n<p>Ap\u00f3s a morte de Edith Mitidieri, em 2012, a mans\u00e3o passou a ser usada para eventos culturais, exposi\u00e7\u00f5es e grava\u00e7\u00f5es audiovisuais. Especialistas avaliam que o im\u00f3vel pode seguir como espa\u00e7o cultural, conciliando preserva\u00e7\u00e3o e uso contempor\u00e2neo.<\/p>\n","protected":false},"excerpt":{"rendered":"Concreto aparente, grandes pain\u00e9is de vidro e ambientes sem divis\u00f5es r\u00edgidas criam a sensa\u00e7\u00e3o de continuidade entre interior&hellip;\n","protected":false},"author":2,"featured_media":191187,"comment_status":"","ping_status":"","sticky":false,"template":"","format":"standard","meta":{"footnotes":""},"categories":[144],"tags":[207,205,206,203,201,202,204,114,115,2455,32,33,654],"class_list":{"0":"post-191186","1":"post","2":"type-post","3":"status-publish","4":"format-standard","5":"has-post-thumbnail","7":"category-arte-e-design","8":"tag-arte","9":"tag-arte-e-design","10":"tag-artedesign","11":"tag-arts","12":"tag-arts-and-design","13":"tag-artsanddesign","14":"tag-design","15":"tag-entertainment","16":"tag-entretenimento","17":"tag-imoveis","18":"tag-portugal","19":"tag-pt","20":"tag-sao-paulo"},"share_on_mastodon":{"url":"https:\/\/pubeurope.com\/@pt\/115731286101733578","error":""},"_links":{"self":[{"href":"https:\/\/www.europesays.com\/pt\/wp-json\/wp\/v2\/posts\/191186","targetHints":{"allow":["GET"]}}],"collection":[{"href":"https:\/\/www.europesays.com\/pt\/wp-json\/wp\/v2\/posts"}],"about":[{"href":"https:\/\/www.europesays.com\/pt\/wp-json\/wp\/v2\/types\/post"}],"author":[{"embeddable":true,"href":"https:\/\/www.europesays.com\/pt\/wp-json\/wp\/v2\/users\/2"}],"replies":[{"embeddable":true,"href":"https:\/\/www.europesays.com\/pt\/wp-json\/wp\/v2\/comments?post=191186"}],"version-history":[{"count":0,"href":"https:\/\/www.europesays.com\/pt\/wp-json\/wp\/v2\/posts\/191186\/revisions"}],"wp:featuredmedia":[{"embeddable":true,"href":"https:\/\/www.europesays.com\/pt\/wp-json\/wp\/v2\/media\/191187"}],"wp:attachment":[{"href":"https:\/\/www.europesays.com\/pt\/wp-json\/wp\/v2\/media?parent=191186"}],"wp:term":[{"taxonomy":"category","embeddable":true,"href":"https:\/\/www.europesays.com\/pt\/wp-json\/wp\/v2\/categories?post=191186"},{"taxonomy":"post_tag","embeddable":true,"href":"https:\/\/www.europesays.com\/pt\/wp-json\/wp\/v2\/tags?post=191186"}],"curies":[{"name":"wp","href":"https:\/\/api.w.org\/{rel}","templated":true}]}}