{"id":191191,"date":"2025-12-16T21:10:08","date_gmt":"2025-12-16T21:10:08","guid":{"rendered":"https:\/\/www.europesays.com\/pt\/191191\/"},"modified":"2025-12-16T21:10:08","modified_gmt":"2025-12-16T21:10:08","slug":"superman-entra-na-pre-lista-de-indicados-ao-oscar-em-duas-categorias","status":"publish","type":"post","link":"https:\/\/www.europesays.com\/pt\/191191\/","title":{"rendered":"Superman entra na pr\u00e9-lista de indicados ao Oscar em duas categorias"},"content":{"rendered":"<p class=\"wp-block-yoast-seo-estimated-reading-time yoast-reading-time__wrapper\">Estimated reading time: 2 minutos<\/p>\n<p><a href=\"https:\/\/ovicio.com.br\/filme\/superman-legacy\/\" target=\"_blank\" rel=\"noreferrer noopener nofollow\">Superman (2025)<\/a>, de<strong>\u00a0James Gunn<\/strong>, segue vivo na temporada de premia\u00e7\u00f5es. O longa da <strong>DC Studios <\/strong>apareceu na pr\u00e9-lista de indicados ao <strong>Oscar <\/strong>em duas categorias.<\/p>\n<p>O Homem de A\u00e7o \u00e9 o \u00fanico her\u00f3i presente na pr\u00e9-lista de Melhores Efeitos Visuais, que conta ainda com filmes como<strong> F1 (2025)<\/strong> e <strong>The Electric State (2025)<\/strong>, dos <strong>Irm\u00e3os Russo<\/strong>. Confira:<\/p>\n<ul class=\"wp-block-list\">\n<li><strong>Avatar: Fogo e Cinzas (2025)<\/strong><\/li>\n<li><strong>The Electric State (2025)<\/strong><\/li>\n<li><strong>F1: O Filme (2025)<\/strong><\/li>\n<li><strong>Frankenstein (2025)<\/strong><\/li>\n<li><strong>Jurassic World: Recome\u00e7o (2025)<\/strong><\/li>\n<li><strong>O \u00d4nibus Perdido (2025)<\/strong><\/li>\n<li><strong>Pecadores (2025)<\/strong><\/li>\n<li><strong>Superman (2025)<\/strong><\/li>\n<li><strong>Tron: Ares (2025)<\/strong><\/li>\n<li><strong>Wicked: Parte 2 (2025)<\/strong><\/li>\n<\/ul>\n<p><strong>Superman (2025)<\/strong> aparece tamb\u00e9m na briga por uma vaga entre os 5 indicados a Melhor Som. Confira a pr\u00e9-lista completa da categoria:<\/p>\n<ul class=\"wp-block-list\">\n<li><strong>Avatar: Fogo e Cinzas (2025)<\/strong><\/li>\n<li><strong>F1: O Filme (2025)<\/strong><\/li>\n<li><strong>Frankenstein (2025)<\/strong><\/li>\n<li><strong>Miss\u00e3o: Imposs\u00edvel &#8211; O Acerto Final (2025)<\/strong><\/li>\n<li><strong>Uma Batalha Ap\u00f3s a Outra (2025)<\/strong><\/li>\n<li><strong>Pecadores (2025)<\/strong><\/li>\n<li><strong>Sir\u00e2t (2025)<\/strong><\/li>\n<li><strong>Springsteen: Salve-me do Desconhecido (2025)<\/strong><\/li>\n<li><strong>Superman (2025)<\/strong><\/li>\n<li><strong>Wicked: Parte 2 (2025)<\/strong><\/li>\n<\/ul>\n<p>O \u00fanico filme da <strong>Marvel Studios<\/strong> a entrar na pr\u00e9-lista foi <strong>Capit\u00e3o Am\u00e9rica: Admir\u00e1vel Mundo Novo (2025)<\/strong>. O longa estrelado por <strong>Anthony Mackie<\/strong> disputa uma vaga entre os indicados a Melhor Trilha Sonora Original.<\/p>\n<p>Vale lembrar que, <strong>Superman (2025)<\/strong> j\u00e1 est\u00e1 dispon\u00edvel na<strong>\u00a0HBO Max<\/strong>. O longa vai ganhar uma sequ\u00eancia escrita e dirigida por\u00a0<strong>James Gunn,<\/strong>\u00a0intitulada\u00a0<strong>Homem do Amanh\u00e3<\/strong>, em julho de 2027.<\/p>\n<p>Leia tamb\u00e9m sobre Superman:<\/p>\n<p><strong>Fonte: <\/strong><a href=\"https:\/\/press.oscars.org\/news\/98th-oscarsr-shortlists-12-award-categories-announced\" target=\"_blank\" rel=\"noreferrer noopener nofollow\">Oscar<\/a><\/p>\n","protected":false},"excerpt":{"rendered":"Estimated reading time: 2 minutos Superman (2025), de\u00a0James Gunn, segue vivo na temporada de premia\u00e7\u00f5es. O longa da&hellip;\n","protected":false},"author":2,"featured_media":191192,"comment_status":"","ping_status":"","sticky":false,"template":"","format":"standard","meta":{"footnotes":""},"categories":[140],"tags":[37800,12236,7319,114,115,147,148,37801,37802,1626,1583,16366,12239,7320,12977,37803,12242,146,5709,12243,716,12981,12985,13245,32,33,37804,37805,37806,1248,37747,37807,16809],"class_list":{"0":"post-191191","1":"post","2":"type-post","3":"status-publish","4":"format-standard","5":"has-post-thumbnail","7":"category-filmes","8":"tag-brainiac","9":"tag-david-corenswet","10":"tag-dc-studios","11":"tag-entertainment","12":"tag-entretenimento","13":"tag-film","14":"tag-filmes","15":"tag-gangue-da-justica","16":"tag-gladiador-dourado","17":"tag-hbo","18":"tag-hbo-max","19":"tag-homem-do-amanha","20":"tag-isabela-merced","21":"tag-james-gunn","22":"tag-john-cena","23":"tag-krypto","24":"tag-milly-alcock","25":"tag-movies","26":"tag-mulher-maravilha","27":"tag-nathan-fillion","28":"tag-netflix","29":"tag-pacificador","30":"tag-peter-safran","31":"tag-pierce-brosnan","32":"tag-portugal","33":"tag-pt","34":"tag-sasha-bordeaux","35":"tag-sol-rodriguez","36":"tag-sr-incrivel","37":"tag-superman","38":"tag-superman-filme","39":"tag-superman-legacy","40":"tag-warner-bros-discovery"},"share_on_mastodon":{"url":"","error":"Validation failed: Text character limit of 500 exceeded"},"_links":{"self":[{"href":"https:\/\/www.europesays.com\/pt\/wp-json\/wp\/v2\/posts\/191191","targetHints":{"allow":["GET"]}}],"collection":[{"href":"https:\/\/www.europesays.com\/pt\/wp-json\/wp\/v2\/posts"}],"about":[{"href":"https:\/\/www.europesays.com\/pt\/wp-json\/wp\/v2\/types\/post"}],"author":[{"embeddable":true,"href":"https:\/\/www.europesays.com\/pt\/wp-json\/wp\/v2\/users\/2"}],"replies":[{"embeddable":true,"href":"https:\/\/www.europesays.com\/pt\/wp-json\/wp\/v2\/comments?post=191191"}],"version-history":[{"count":0,"href":"https:\/\/www.europesays.com\/pt\/wp-json\/wp\/v2\/posts\/191191\/revisions"}],"wp:featuredmedia":[{"embeddable":true,"href":"https:\/\/www.europesays.com\/pt\/wp-json\/wp\/v2\/media\/191192"}],"wp:attachment":[{"href":"https:\/\/www.europesays.com\/pt\/wp-json\/wp\/v2\/media?parent=191191"}],"wp:term":[{"taxonomy":"category","embeddable":true,"href":"https:\/\/www.europesays.com\/pt\/wp-json\/wp\/v2\/categories?post=191191"},{"taxonomy":"post_tag","embeddable":true,"href":"https:\/\/www.europesays.com\/pt\/wp-json\/wp\/v2\/tags?post=191191"}],"curies":[{"name":"wp","href":"https:\/\/api.w.org\/{rel}","templated":true}]}}