{"id":191199,"date":"2025-12-16T21:14:12","date_gmt":"2025-12-16T21:14:12","guid":{"rendered":"https:\/\/www.europesays.com\/pt\/191199\/"},"modified":"2025-12-16T21:14:12","modified_gmt":"2025-12-16T21:14:12","slug":"google-maps-agora-conta-com-recurso-que-lembra-onde-o-carro-esta-estacionado","status":"publish","type":"post","link":"https:\/\/www.europesays.com\/pt\/191199\/","title":{"rendered":"Google Maps agora conta com recurso que lembra onde o carro est\u00e1 estacionado"},"content":{"rendered":"<p>O Google Maps agora conta com um recurso importante para os esquecidos: desde a semana passada, o aplicativo salva automaticamente o local onde um ve\u00edculo foi estacionado, exibindo um \u00edcone espec\u00edfico no mapa.<\/p>\n<p>Ao conectar um smartphone ao carro via USB, Bluetooth ou CarPlay, o aplicativo identifica automaticamente a localiza\u00e7\u00e3o no momento em que o carro \u00e9 desligado, salvando esse local no mapa por at\u00e9 dois dias.<\/p>\n<p>Por enquanto, a op\u00e7\u00e3o de salvamento autom\u00e1tico do local de estacionamento est\u00e1 dispon\u00edvel apenas para iPhones e iPads. Usu\u00e1rios de Android podem salvar manualmente o local onde o carro est\u00e1 estacionado.<\/p>\n<p>\t\t\t\t\t\t\t\t\t\tPlanejamento financeiro\t\t\t\t\t\t\t\t\t<\/p>\n<p>\t\t\t\t\t\t\t\t\t\tBaixe gratuitamente!\n\t\t\t\t\t\t\t\t\t\t\t\t\t\t\t<\/p>\n<p>\t\t\t\t\t\t<img decoding=\"async\" class=\"w-full h-full object-cover\" src=\"https:\/\/www.europesays.com\/pt\/wp-content\/uploads\/2025\/12\/1765919652_245_WhatsApp-Image-2025-11-03-at-15.45.16.jpeg\" alt=\"\"\/><\/p>\n<p>Em seu perfil no LinkedIn, Rio Akasaka, gerente s\u00eanior de produtos do Google, comentou o lan\u00e7amento: \u201cAcabamos de lan\u00e7ar algo que, esperamos, coloque um sorriso no seu rosto na pr\u00f3xima vez que voc\u00ea abrir o Google Maps.\u201d<\/p>\n<p>Como ativar<\/p>\n<p>Para que o Google Maps salve automaticamente o local onde o ve\u00edculo foi estacionado, \u00e9 preciso primeiro conectar o dispositivo ao carro, seja via Bluetooth, USB ou CarPlay.<\/p>\n<p>Em seguida, \u00e9 necess\u00e1rio ativar os sensores de Movimento e Atividade. Para isso, dentro da se\u00e7\u00e3o Navega\u00e7\u00e3o do aplicativo Google Maps, clique em \u201cPermitir que o Maps use seu movimento para salvar o estacionamento.\u201d<\/p>\n<p class=\"py-2\">Continua depois da publicidade<\/p>\n<p>Depois, defina que o Maps sempre pode acessar sua localiza\u00e7\u00e3o, mesmo quando o aplicativo n\u00e3o estiver aberto. Para isso, v\u00e1 em \u201cServi\u00e7os de Localiza\u00e7\u00e3o\u201d e selecione a op\u00e7\u00e3o \u201cSempre.\u201d<\/p>\n<p>Tamb\u00e9m \u00e9 poss\u00edvel personalizar o \u00edcone que representa o carro. Durante uma viagem at\u00e9 um destino usando o Google Maps, toque na seta azul e deslize para a esquerda ou direita para escolher o avatar preferido. Para alterar a cor, basta tocar em uma das cores dispon\u00edveis. Por fim, toque em \u201cConclu\u00eddo.\u201d<\/p>\n","protected":false},"excerpt":{"rendered":"O Google Maps agora conta com um recurso importante para os esquecidos: desde a semana passada, o aplicativo&hellip;\n","protected":false},"author":2,"featured_media":191200,"comment_status":"","ping_status":"","sticky":false,"template":"","format":"standard","meta":{"footnotes":""},"categories":[84],"tags":[726,109,107,108,643,3384,319,32,33,105,103,104,106,110],"class_list":{"0":"post-191199","1":"post","2":"type-post","3":"status-publish","4":"format-standard","5":"has-post-thumbnail","7":"category-ciencia-e-tecnologia","8":"tag-brasil","9":"tag-ciencia","10":"tag-ciencia-e-tecnologia","11":"tag-cienciaetecnologia","12":"tag-google","13":"tag-google-maps","14":"tag-hard-news","15":"tag-portugal","16":"tag-pt","17":"tag-science","18":"tag-science-and-technology","19":"tag-scienceandtechnology","20":"tag-technology","21":"tag-tecnologia"},"share_on_mastodon":{"url":"https:\/\/pubeurope.com\/@pt\/115731318012360658","error":""},"_links":{"self":[{"href":"https:\/\/www.europesays.com\/pt\/wp-json\/wp\/v2\/posts\/191199","targetHints":{"allow":["GET"]}}],"collection":[{"href":"https:\/\/www.europesays.com\/pt\/wp-json\/wp\/v2\/posts"}],"about":[{"href":"https:\/\/www.europesays.com\/pt\/wp-json\/wp\/v2\/types\/post"}],"author":[{"embeddable":true,"href":"https:\/\/www.europesays.com\/pt\/wp-json\/wp\/v2\/users\/2"}],"replies":[{"embeddable":true,"href":"https:\/\/www.europesays.com\/pt\/wp-json\/wp\/v2\/comments?post=191199"}],"version-history":[{"count":0,"href":"https:\/\/www.europesays.com\/pt\/wp-json\/wp\/v2\/posts\/191199\/revisions"}],"wp:featuredmedia":[{"embeddable":true,"href":"https:\/\/www.europesays.com\/pt\/wp-json\/wp\/v2\/media\/191200"}],"wp:attachment":[{"href":"https:\/\/www.europesays.com\/pt\/wp-json\/wp\/v2\/media?parent=191199"}],"wp:term":[{"taxonomy":"category","embeddable":true,"href":"https:\/\/www.europesays.com\/pt\/wp-json\/wp\/v2\/categories?post=191199"},{"taxonomy":"post_tag","embeddable":true,"href":"https:\/\/www.europesays.com\/pt\/wp-json\/wp\/v2\/tags?post=191199"}],"curies":[{"name":"wp","href":"https:\/\/api.w.org\/{rel}","templated":true}]}}