{"id":191207,"date":"2025-12-16T21:19:11","date_gmt":"2025-12-16T21:19:11","guid":{"rendered":"https:\/\/www.europesays.com\/pt\/191207\/"},"modified":"2025-12-16T21:19:11","modified_gmt":"2025-12-16T21:19:11","slug":"netas-de-ana-maria-braga-aparecem-em-novo-video-e-fas-reagem-como-cresceram","status":"publish","type":"post","link":"https:\/\/www.europesays.com\/pt\/191207\/","title":{"rendered":"Netas de Ana Maria Braga aparecem em novo v\u00eddeo e f\u00e3s reagem: &#8216;Como cresceram!&#8217;"},"content":{"rendered":"<p>A filha da apresentadora\u00a0<a href=\"https:\/\/caras.com.br\/tags\/ana-maria-braga\" rel=\"nofollow noopener\" target=\"_blank\"><strong>Ana Maria Braga<\/strong><\/a>, a professora de ioga\u00a0<a href=\"https:\/\/caras.com.br\/tags\/mariana-maffeis\" rel=\"nofollow noopener\" target=\"_blank\"><strong>Mariana Maffeis<\/strong><\/a>, usou\u00a0<a href=\"https:\/\/caras.com.br\/datas-especiais\/ana-maria-braga-encanta-com-fotos-ineditas-de-infancia-da-filha-inesqueciveis.phtml\" rel=\"nofollow noopener\" target=\"_blank\">as redes sociais nesta <\/a>ter\u00e7a-feira, 16 para compartilhar um momento especial em fam\u00edlia. Na publica\u00e7\u00e3o, ela mostrou \u00a0sua filha,\u00a0<strong>Joana<\/strong>, 14 anos, se apresentando em um show natalino. Na plateia, <strong>Maria<\/strong>, de 11 anos, e<strong> Hima<\/strong>, de 2, tamb\u00e9m netas da global, prestigiaram o show da irm\u00e3.<\/p>\n<p>\u201cSim, ainda h\u00e1 algo de bonito e verdadeiro nos \u201cfins de ano\u201d. Apesar de vivermos esse ano fiscal t\u00e3o vazio de signific\u00e2ncia, vamos encontrando maneira de entender onde est\u00e3o os verdadeiros movimentos da vida\u201d, refletiu ela na legenda.<\/p>\n<p>Nos coment\u00e1rios, f\u00e3s deixaram elogios. \u201cA Hima est\u00e1 cada dia mais lindinha! Parab\u00e9ns por seus filhos. S\u00e3o crian\u00e7as maravilhosas em todos os sentidos e ser\u00e3o adultos que sabem o que \u00e9 importante de verdade na vida \u2013 e n\u00e3o \u00e9 o ano fiscal\u201d, falou uma. \u201cAdoro seus textos, s\u00e3o t\u00e3o verdadeiros .Deus aben\u00e7oe sua fam\u00edlia\u201d, observou outra. \u201cComo elas cresceram!!!! Lindas\u201d, comentou outra internauta.<\/p>\n<p>Vale lembrar que Mariana \u00e9 m\u00e3e de <strong>Joana <\/strong>e <strong>Maria<\/strong>, nascidas de seu relacionamento com <strong>Paschoal Feola<\/strong>. Al\u00e9m de <strong>Varuna<\/strong> e <strong>Hima<\/strong>, de seu casamento com o professor de yoga colombiano <strong>Badarik Gonz\u00e1lez<\/strong>, com quem\u00a0<a href=\"https:\/\/caras.com.br\/tv\/ana-maria-braga-comemora-casamento-da-filha-muito-feliz.phtml\" rel=\"nofollow noopener\" target=\"_blank\">est\u00e1 h\u00e1 mais de cinco anos junto.<\/a><\/p>\n<p>\t <img loading=\"lazy\" decoding=\"async\" class=\"size-full wp-image-1045075 img-fluid lazy\" alt=\"Filha de Ana Maria Braga mostra netas da apresentadora - Foto: Repodu\u00e7\u00e3o\/Instagram @maffeismariana\" width=\"800\" height=\"451\" src=\"https:\/\/www.europesays.com\/pt\/wp-content\/uploads\/2025\/12\/ana-maria12.jpg\"  \/>Filha de Ana Maria Braga mostra netas da apresentadora \u2013 Foto: Repodu\u00e7\u00e3o\/Instagram @maffeismariana <img loading=\"lazy\" decoding=\"async\" class=\"size-full wp-image-1045076 img-fluid lazy\" alt=\"Filha de Ana Maria Braga mostra netas da apresentadora - Foto: Repodu\u00e7\u00e3o\/Instagram @maffeismariana\" width=\"800\" height=\"1361\" src=\"https:\/\/www.europesays.com\/pt\/wp-content\/uploads\/2025\/12\/ana-maria1.jpg\"  \/>Filha de Ana Maria Braga mostra netas da apresentadora \u2013 Foto: Repodu\u00e7\u00e3o\/Instagram @maffeismariana <img loading=\"lazy\" decoding=\"async\" class=\"size-full wp-image-1045077 img-fluid lazy\" alt=\"Filha de Ana Maria Braga mostra netas da apresentadora - Foto: Repodu\u00e7\u00e3o\/Instagram @maffeismariana\" width=\"800\" height=\"844\" src=\"https:\/\/www.europesays.com\/pt\/wp-content\/uploads\/2025\/12\/ana-maria.jpg\"  \/>Filha de Ana Maria Braga mostra netas da apresentadora \u2013 Foto: Repodu\u00e7\u00e3o\/Instagram @maffeismariana <\/p>\n<blockquote class=\"instagram-media\" style=\"background: #FFF; border: 0; border-radius: 3px; box-shadow: 0 0 1px 0 rgba(0,0,0,0.5),0 1px 10px 0 rgba(0,0,0,0.15); margin: 1px; max-width: 540px; min-width: 326px; padding: 0; width: calc(100% - 2px);\" data-instgrm-captioned=\"\" data-instgrm-permalink=\"https:\/\/www.instagram.com\/reel\/DSUxUpXDmqZ\/?utm_source=ig_embed&amp;utm_campaign=loading\" data-instgrm-version=\"14\"><\/blockquote>\n<p>  Ana Maria Braga revela diferen\u00e7a na forma como seus netos est\u00e3o crescendo <\/p>\n<p>Recentemente, a apresentadora <a href=\"https:\/\/caras.com.br\/atualidades\/ana-maria-braga-revela-diferenca-na-forma-como-seus-netos-estao-crescendo.phtml\" rel=\"nofollow noopener\" target=\"_blank\">comentou sobre as diferen\u00e7as na forma como seus netos s\u00e3o criados.<\/a> Segundo ela, cada um de seus filhos optou por um estilo de educa\u00e7\u00e3o distinto: Mariana prefere manter os filhos afastados da internet no dia a dia, enquanto Pedro Maffei autoriza o uso de celular, mas sempre com supervis\u00e3o dos pais.<\/p>\n<p>\u201cUm deles, tudo bem com a internet. Tem um controle m\u00e9dio, o filho \u00e9 pr\u00e9-adolescente, n\u00e3o tem muito que tem que controlar, tem que estar de olho, tem que estar preocupado, conversar bastante a respeito. E, do lado da minha filha, as crian\u00e7as n\u00e3o sabem o que \u00e9 isso, porque \u00e9 uma op\u00e7\u00e3o tamb\u00e9m. Eu acho que nem tanto ao mar, nem tanto \u00e0 Terra. Acho que tem que ter (contato com a internet) porque tamb\u00e9m a gente n\u00e3o pode ficar alienado das coisas que acontecem na \u00e1rea da tecnologia do mundo, porque amanh\u00e3 essas crian\u00e7as v\u00e3o estar ligadas no mundo tecnol\u00f3gico. Goste ou n\u00e3o goste. Ent\u00e3o nem muito l\u00e1, nem muito c\u00e1\u201d, disse ela ao site Gshow.<\/p>\n<p>Vale lembrar que Ana Maria Braga tem 5 netos. Al\u00e9m dos filhos de Mariana,\u00a0 Pedro teve um filho, Bento, de 13 anos.<\/p>\n<p><strong>Leia tamb\u00e9m<\/strong>:\u00a0<a href=\"https:\/\/caras.com.br\/atualidades\/ela-cresceu-neta-de-ana-maria-braga-surge-enorme-em-rara-aparicao-esta-linda.phtml\" rel=\"nofollow noopener\" target=\"_blank\">Ela cresceu! Neta de Ana Maria Braga surge enorme em rara apari\u00e7\u00e3o: \u2018Est\u00e1 linda\u2019<\/a><\/p>\n<p>\u00a0<\/p>\n<p>        <a href=\"https:\/\/caras.com.br\/autor\/juliana-dracz\" rel=\"nofollow noopener\" target=\"_blank\">&#13;<br \/>\n          <img loading=\"lazy\" decoding=\"async\" alt=\"Juliana Dracz\" src=\"https:\/\/www.europesays.com\/pt\/wp-content\/uploads\/2025\/09\/436551461_2434711450057729_5105646040807821088_n_sqmd.png\" class=\"avatar avatar-115 photo rounded-circle\" height=\"115\" width=\"115\"\/>        <\/a><\/p>\n<p>Juliana Dracz \u00e9 rep\u00f3rter de conte\u00fado do site CARAS. Formada em Jornalismo pela Universidade Cat\u00f3lica de Bras\u00edlia, ela j\u00e1 trabalhou em grandes sites de entretenimento. Atualmente, escreve sobre novelas, celebridades e TV.<\/p>\n<ul class=\"terms-list post_tag list-inline\">\n<li class=\"ana-maria-braga list-inline-item\">\n\t\t\t\t\t<a href=\"https:\/\/caras.com.br\/tags\/ana-maria-braga\" class=\"item-category\" rel=\"nofollow noopener\" target=\"_blank\">ana maria braga<\/a>\n\t\t\t\t<\/li>\n<li class=\"mariana-maffeis list-inline-item\">\n\t\t\t\t\t<a href=\"https:\/\/caras.com.br\/tags\/mariana-maffeis\" class=\"item-category\" rel=\"nofollow noopener\" target=\"_blank\">Mariana Maffeis<\/a>\n\t\t\t\t<\/li>\n<\/ul>\n<p>\t                                            <script async src=\"\/\/www.instagram.com\/embed.js\"><\/script><\/p>\n","protected":false},"excerpt":{"rendered":"A filha da apresentadora\u00a0Ana Maria Braga, a professora de ioga\u00a0Mariana Maffeis, usou\u00a0as redes sociais nesta ter\u00e7a-feira, 16 para&hellip;\n","protected":false},"author":2,"featured_media":191208,"comment_status":"","ping_status":"","sticky":false,"template":"","format":"standard","meta":{"footnotes":""},"categories":[145],"tags":[752,211,210,114,115,21575,32,33],"class_list":{"0":"post-191207","1":"post","2":"type-post","3":"status-publish","4":"format-standard","5":"has-post-thumbnail","7":"category-celebridades","8":"tag-ana-maria-braga","9":"tag-celebridades","10":"tag-celebrities","11":"tag-entertainment","12":"tag-entretenimento","13":"tag-mariana-maffeis","14":"tag-portugal","15":"tag-pt"},"share_on_mastodon":{"url":"https:\/\/pubeurope.com\/@pt\/115731337721388583","error":""},"_links":{"self":[{"href":"https:\/\/www.europesays.com\/pt\/wp-json\/wp\/v2\/posts\/191207","targetHints":{"allow":["GET"]}}],"collection":[{"href":"https:\/\/www.europesays.com\/pt\/wp-json\/wp\/v2\/posts"}],"about":[{"href":"https:\/\/www.europesays.com\/pt\/wp-json\/wp\/v2\/types\/post"}],"author":[{"embeddable":true,"href":"https:\/\/www.europesays.com\/pt\/wp-json\/wp\/v2\/users\/2"}],"replies":[{"embeddable":true,"href":"https:\/\/www.europesays.com\/pt\/wp-json\/wp\/v2\/comments?post=191207"}],"version-history":[{"count":0,"href":"https:\/\/www.europesays.com\/pt\/wp-json\/wp\/v2\/posts\/191207\/revisions"}],"wp:featuredmedia":[{"embeddable":true,"href":"https:\/\/www.europesays.com\/pt\/wp-json\/wp\/v2\/media\/191208"}],"wp:attachment":[{"href":"https:\/\/www.europesays.com\/pt\/wp-json\/wp\/v2\/media?parent=191207"}],"wp:term":[{"taxonomy":"category","embeddable":true,"href":"https:\/\/www.europesays.com\/pt\/wp-json\/wp\/v2\/categories?post=191207"},{"taxonomy":"post_tag","embeddable":true,"href":"https:\/\/www.europesays.com\/pt\/wp-json\/wp\/v2\/tags?post=191207"}],"curies":[{"name":"wp","href":"https:\/\/api.w.org\/{rel}","templated":true}]}}